{"id":14316,"date":"2025-02-23T20:17:47","date_gmt":"2025-02-23T20:17:47","guid":{"rendered":"https:\/\/ladepeche.mr\/?p=14316"},"modified":"2025-02-23T20:17:47","modified_gmt":"2025-02-23T20:17:47","slug":"allemagne-les-conservateurs-remportent-les-elections-record-pour-lextreme-droite","status":"publish","type":"post","link":"https:\/\/ladepeche.mr\/?p=14316","title":{"rendered":"Allemagne : les conservateurs remportent les \u00e9lections, record pour l&#8217;extr\u00eame droite"},"content":{"rendered":"<p><strong>Les conservateurs de Friedrich Merz ont nettement remport\u00e9 les \u00e9lections l\u00e9gislatives dimanche en Allemagne, marqu\u00e9es aussi par une progression in\u00e9dite de l\u2019extr\u00eame droite dans la premi\u00e8re puissance europ\u00e9enne mise au d\u00e9fi de se relancer, selon les sondages \u00e0 la sortie des urnes.<\/strong><\/p>\n<p data-t=\"{&quot;n&quot;:&quot;blueLinks&quot;}\">Ce coup de barre \u00e0 droite intervient \u00e0 un moment charni\u00e8re pour l\u2019Allemagne, abasourdie par les annonces fracassantes de l\u2019administration de Donald Trump sur la guerre en Ukraine, les craintes de rupture du lien transatlantique et les menaces de hausse des droits de douane.<\/p>\n<p data-t=\"{&quot;n&quot;:&quot;blueLinks&quot;}\">Donn\u00e9s gagnants depuis plusieurs mois, les conservateurs de la CDU et leur alli\u00e9 bavarois CSU sont cr\u00e9dit\u00e9s d\u2019un score autour de 29% dans ces sondages effectu\u00e9s \u00e0 la sortie des urnes et diffus\u00e9s par les t\u00e9l\u00e9visions publiques ARD et ADF.<\/p>\n<p data-t=\"{&quot;n&quot;:&quot;blueLinks&quot;}\">L\u2019Alternative pour l\u2019Allemagne (AfD) pointe en deuxi\u00e8me position en obtenant 19,5 \u00e0 20%, soit le double d\u2019il y a quatre ans et un score historique pour cette formation d\u2019extr\u00eame droite n\u00e9e en 2013.<\/p>\n<p data-t=\"{&quot;n&quot;:&quot;blueLinks&quot;}\">Sa cheffe de file, Alice Weidel, a salu\u00e9 le \u00ab\u00a0r\u00e9sultat historique\u00a0\u00bb de son parti. \u00ab\u00a0Nous n\u2019avons jamais \u00e9t\u00e9 aussi forts au niveau national\u00a0\u00bb, a-t-elle d\u00e9clar\u00e9.<\/p>\n<div class=\"intra-article-module\" data-t=\"{&quot;n&quot;:&quot;intraArticle&quot;,&quot;t&quot;:13}\">\n<div class=\"articlePageIntraArticleFullWidth ad-slot-placeholder left-image-intra-ad collapsed\" data-ad-index=\"1\">\n<div class=\"intra-article-ad-full left-image-intra-ad\"><\/div>\n<\/div>\n<\/div>\n<p data-t=\"{&quot;n&quot;:&quot;blueLinks&quot;}\">Le camp conservateur exclut toutefois toute une alliance avec l\u2019AfD malgr\u00e9 un \u00ab\u00a0flirt\u00a0\u00bb parlementaire sur les questions d\u2019immigration et de s\u00e9curit\u00e9 durant la campagne \u00e9lectorale.<\/p>\n<p data-t=\"{&quot;n&quot;:&quot;blueLinks&quot;}\">Le chancelier sortant Olaf Scholz n\u2019a pas su convaincre les nombreux ind\u00e9cis de soutenir son parti social-d\u00e9mocrate (SPD), qui r\u00e9colte seulement entre 16% et 16,5%.<\/p>\n<p class=\"continue-read-break\" data-t=\"{&quot;n&quot;:&quot;blueLinks&quot;}\">C\u2019est une d\u00e9b\u00e2cle sans pr\u00e9c\u00e9dent pour le plus vieux parti d\u2019Allemagne depuis la fin de la Deuxi\u00e8me Guerre mondiale.<\/p>\n<p data-t=\"{&quot;n&quot;:&quot;blueLinks&quot;}\">Autre perdant de ce scrutin, les Verts, alli\u00e9s au gouvernement Scholz, dans une fourchette de 12-13,5 %.<\/p>\n<h3 class=\"article-sub-heading\">Attentats<\/h3>\n<p data-t=\"{&quot;n&quot;:&quot;blueLinks&quot;}\">La campagne \u00e9lectorale, apr\u00e8s l\u2019implosion en novembre de coalition au pouvoir, s\u2019est d\u00e9roul\u00e9e dans un climat int\u00e9rieur pesant apr\u00e8s plusieurs attaques meurtri\u00e8res impliquant des \u00e9trangers ces derni\u00e8res semaines, qui ont \u00e9branl\u00e9 l\u2019opinion et favoris\u00e9 les mouvements de droite et d\u2019extr\u00eame droite.<\/p>\n<p data-t=\"{&quot;n&quot;:&quot;blueLinks&quot;}\">Lire la suite sur<\/p>\n<p data-t=\"{&quot;n&quot;:&quot;blueLinks&quot;}\"><a href=\"https:\/\/www.msn.com\/fr-xl\/actualite\/other\/allemagne-les-conservateurs-remportent-les-%C3%A9lections-record-pour-l-extr%C3%AAme-droite\/ar-AA1zCtNw?ocid=msedgdhp&amp;pc=U531&amp;cvid=6f47842587ec45a3b322e50955ccd42e&amp;ei=43\">Allemagne : les conservateurs remportent les \u00e9lections, record pour l&#8217;extr\u00eame droite<\/a><\/p>\n","protected":false},"excerpt":{"rendered":"<p>Les conservateurs de Friedrich Merz ont nettement remport\u00e9 les \u00e9lections l\u00e9gislatives dimanche en Allemagne, marqu\u00e9es aussi par une progression in\u00e9dite de l\u2019extr\u00eame droite dans la premi\u00e8re puissance europ\u00e9enne mise au d\u00e9fi de se relancer, selon les sondages \u00e0 la sortie des urnes. Ce coup de barre \u00e0 droite intervient \u00e0 un moment charni\u00e8re pour l\u2019Allemagne, &hellip;<\/p>\n","protected":false},"author":2,"featured_media":14317,"comment_status":"open","ping_status":"open","sticky":false,"template":"","format":"standard","meta":{"footnotes":""},"categories":[18,29],"tags":[],"class_list":["post-14316","post","type-post","status-publish","format-standard","has-post-thumbnail","hentry","category-actualites","category-monde"],"_links":{"self":[{"href":"https:\/\/ladepeche.mr\/index.php?rest_route=\/wp\/v2\/posts\/14316","targetHints":{"allow":["GET"]}}],"collection":[{"href":"https:\/\/ladepeche.mr\/index.php?rest_route=\/wp\/v2\/posts"}],"about":[{"href":"https:\/\/ladepeche.mr\/index.php?rest_route=\/wp\/v2\/types\/post"}],"author":[{"embeddable":true,"href":"https:\/\/ladepeche.mr\/index.php?rest_route=\/wp\/v2\/users\/2"}],"replies":[{"embeddable":true,"href":"https:\/\/ladepeche.mr\/index.php?rest_route=%2Fwp%2Fv2%2Fcomments&post=14316"}],"version-history":[{"count":1,"href":"https:\/\/ladepeche.mr\/index.php?rest_route=\/wp\/v2\/posts\/14316\/revisions"}],"predecessor-version":[{"id":14318,"href":"https:\/\/ladepeche.mr\/index.php?rest_route=\/wp\/v2\/posts\/14316\/revisions\/14318"}],"wp:featuredmedia":[{"embeddable":true,"href":"https:\/\/ladepeche.mr\/index.php?rest_route=\/wp\/v2\/media\/14317"}],"wp:attachment":[{"href":"https:\/\/ladepeche.mr\/index.php?rest_route=%2Fwp%2Fv2%2Fmedia&parent=14316"}],"wp:term":[{"taxonomy":"category","embeddable":true,"href":"https:\/\/ladepeche.mr\/index.php?rest_route=%2Fwp%2Fv2%2Fcategories&post=14316"},{"taxonomy":"post_tag","embeddable":true,"href":"https:\/\/ladepeche.mr\/index.php?rest_route=%2Fwp%2Fv2%2Ftags&post=14316"}],"curies":[{"name":"wp","href":"https:\/\/api.w.org\/{rel}","templated":true}]}}