{"id":14319,"date":"2025-02-24T13:00:57","date_gmt":"2025-02-24T13:00:57","guid":{"rendered":"https:\/\/ladepeche.mr\/?p=14319"},"modified":"2025-02-24T13:00:57","modified_gmt":"2025-02-24T13:00:57","slug":"les-parlements-arabes-reunis-au-caire-adoptent-une-position-unifiee-en-soutien-a-la-resistance-palestinienne","status":"publish","type":"post","link":"https:\/\/ladepeche.mr\/?p=14319","title":{"rendered":"Les parlements arabes r\u00e9unis au Caire adoptent une position unifi\u00e9e en soutien \u00e0 la r\u00e9sistance palestinienne."},"content":{"rendered":"<p>Les travaux de la septi\u00e8me conf\u00e9rence du Parlement arabe et des pr\u00e9sidents des conseils et parlements arabes se sont tenus aujourd\u2019hui au si\u00e8ge du Secr\u00e9tariat g\u00e9n\u00e9ral de la Ligue arabe au Caire, en coordination avec l\u2019Union interparlementaire arabe. Cette rencontre a vu la participation d\u2019une d\u00e9l\u00e9gation parlementaire mauritanienne de haut niveau, conduite par M. Mohamed Bamba Meguett, pr\u00e9sident de l\u2019Assembl\u00e9e nationale.<\/p>\n<p>L\u2019objectif de cette r\u00e9union \u00e9tait d\u2019\u00e9laborer une position parlementaire arabe unifi\u00e9e en faveur de la r\u00e9sistance du peuple palestinien et du rejet des projets de d\u00e9placement forc\u00e9, d\u2019annexion et de liquidation de la cause palestinienne.<\/p>\n<p>Les participants ont adopt\u00e9 \u00e0 l\u2019unanimit\u00e9 un document parlementaire \u00e0 ce sujet, qui sera soumis au sommet arabe extraordinaire pr\u00e9vu en \u00c9gypte au d\u00e9but du mois de mars prochain.<\/p>\n<p>La conf\u00e9rence a \u00e9t\u00e9 marqu\u00e9e par un discours du pr\u00e9sident de l\u2019Assembl\u00e9e nationale, dans lequel il a abord\u00e9 la situation tragique du peuple palestinien, en particulier \u00e0 Gaza et en Cisjordanie, confront\u00e9 \u00e0 une guerre d\u2019extermination, \u00e0 la famine et au d\u00e9placement forc\u00e9 \u2013 une situation qu\u2019il a qualifi\u00e9e de honte pour l\u2019humanit\u00e9 et la communaut\u00e9 internationale. M. Mohamed Bamba Meguett a affirm\u00e9 que la seule solution pour garantir la paix, la s\u00e9curit\u00e9 et la stabilit\u00e9 dans la r\u00e9gion r\u00e9side dans l\u2019octroi au peuple palestinien de ses droits l\u00e9gitimes sur sa terre.<\/p>\n<p>Le pr\u00e9sident de l\u2019Assembl\u00e9e nationale a salu\u00e9 l\u2019accord de cessez-le-feu conclu sous la m\u00e9diation de l\u2019\u00c9gypte, du Qatar et des \u00c9tats-Unis, tout en soulignant la poursuite des man\u0153uvres dilatoires et provocations par Isra\u00ebl. Il a ajout\u00e9 que la guerre isra\u00e9lienne contre Gaza avait mis en lumi\u00e8re la souffrance des Palestiniens et replac\u00e9 leur cause au centre des pr\u00e9occupations internationales, n\u00e9cessitant ainsi des mesures d\u00e9cisives face aux d\u00e9fis actuels.<\/p>\n<p>Parmi ces mesures, il a insist\u00e9 sur la n\u00e9cessit\u00e9 de mettre \u00e0 jour l\u2019Initiative de paix arabe de 2002 et de renforcer l\u2019application des r\u00e9solutions du droit international, en particulier la r\u00e9solution 2334 du Conseil de s\u00e9curit\u00e9, qui condamne la colonisation, exige son arr\u00eat imm\u00e9diat et affirme qu\u2019El Qods est une ville palestinienne occup\u00e9e, annulant ainsi toute revendication isra\u00e9lienne de souverainet\u00e9. Il a \u00e9galement soulign\u00e9 l\u2019importance du rejet cat\u00e9gorique du d\u00e9placement forc\u00e9 des Palestiniens, le qualifiant de crime contre l\u2019humanit\u00e9 et de violation flagrante du droit international.<\/p>\n<p>Le pr\u00e9sident de l\u2019Assembl\u00e9e nationale a aussi \u00e9voqu\u00e9 l\u2019urgence de la reconstruction de Gaza et de l\u2019am\u00e9lioration rapide des conditions de vie de sa population. Il a r\u00e9affirm\u00e9 la position constante de la Mauritanie selon laquelle la paix au Moyen-Orient ne saurait \u00eatre r\u00e9alis\u00e9e sans le respect de la dignit\u00e9 des Palestiniens et leur droit \u00e0 \u00e9tablir un \u00c9tat ind\u00e9pendant avec El Qods pour capitale, ainsi que le retrait total d\u2019Isra\u00ebl de tous les territoires arabes occup\u00e9s.<\/p>\n<p>M. Mohamed Bamba Meguett a conclu en appelant \u00e0 un r\u00e9veil juridique et moral international afin de mettre fin \u00e0 l\u2019occupation isra\u00e9lienne et de remettre le processus de paix sur la bonne voie.<\/p>\n<p>Ami<\/p>\n","protected":false},"excerpt":{"rendered":"<p>Les travaux de la septi\u00e8me conf\u00e9rence du Parlement arabe et des pr\u00e9sidents des conseils et parlements arabes se sont tenus aujourd\u2019hui au si\u00e8ge du Secr\u00e9tariat g\u00e9n\u00e9ral de la Ligue arabe au Caire, en coordination avec l\u2019Union interparlementaire arabe. Cette rencontre a vu la participation d\u2019une d\u00e9l\u00e9gation parlementaire mauritanienne de haut niveau, conduite par M. Mohamed &hellip;<\/p>\n","protected":false},"author":2,"featured_media":14320,"comment_status":"open","ping_status":"open","sticky":false,"template":"","format":"standard","meta":{"footnotes":""},"categories":[18,29],"tags":[],"class_list":["post-14319","post","type-post","status-publish","format-standard","has-post-thumbnail","hentry","category-actualites","category-monde"],"_links":{"self":[{"href":"https:\/\/ladepeche.mr\/index.php?rest_route=\/wp\/v2\/posts\/14319","targetHints":{"allow":["GET"]}}],"collection":[{"href":"https:\/\/ladepeche.mr\/index.php?rest_route=\/wp\/v2\/posts"}],"about":[{"href":"https:\/\/ladepeche.mr\/index.php?rest_route=\/wp\/v2\/types\/post"}],"author":[{"embeddable":true,"href":"https:\/\/ladepeche.mr\/index.php?rest_route=\/wp\/v2\/users\/2"}],"replies":[{"embeddable":true,"href":"https:\/\/ladepeche.mr\/index.php?rest_route=%2Fwp%2Fv2%2Fcomments&post=14319"}],"version-history":[{"count":1,"href":"https:\/\/ladepeche.mr\/index.php?rest_route=\/wp\/v2\/posts\/14319\/revisions"}],"predecessor-version":[{"id":14321,"href":"https:\/\/ladepeche.mr\/index.php?rest_route=\/wp\/v2\/posts\/14319\/revisions\/14321"}],"wp:featuredmedia":[{"embeddable":true,"href":"https:\/\/ladepeche.mr\/index.php?rest_route=\/wp\/v2\/media\/14320"}],"wp:attachment":[{"href":"https:\/\/ladepeche.mr\/index.php?rest_route=%2Fwp%2Fv2%2Fmedia&parent=14319"}],"wp:term":[{"taxonomy":"category","embeddable":true,"href":"https:\/\/ladepeche.mr\/index.php?rest_route=%2Fwp%2Fv2%2Fcategories&post=14319"},{"taxonomy":"post_tag","embeddable":true,"href":"https:\/\/ladepeche.mr\/index.php?rest_route=%2Fwp%2Fv2%2Ftags&post=14319"}],"curies":[{"name":"wp","href":"https:\/\/api.w.org\/{rel}","templated":true}]}}