{"id":14322,"date":"2025-02-24T13:16:43","date_gmt":"2025-02-24T13:16:43","guid":{"rendered":"https:\/\/ladepeche.mr\/?p=14322"},"modified":"2025-02-24T13:16:43","modified_gmt":"2025-02-24T13:16:43","slug":"le-president-de-la-federation-nationale-de-football-recoit-le-vice-president-des-associations-membres-de-la-fifa","status":"publish","type":"post","link":"https:\/\/ladepeche.mr\/?p=14322","title":{"rendered":"Le Pr\u00e9sident de la F\u00e9d\u00e9ration Nationale de Football re\u00e7oit le Vice-pr\u00e9sident des Associations Membres de la FIFA"},"content":{"rendered":"<p>Le Pr\u00e9sident de la F\u00e9d\u00e9ration Nationale de Football (FNF), M. Ahmed Ould Yahya, a re\u00e7u dimanche matin au si\u00e8ge de la FNF M. Gelson Fernandes, Vice-pr\u00e9sident des Associations Membres de la FIFA et Directeur R\u00e9gional pour l\u2019Afrique, en vue de pr\u00e9parer l\u2019\u00e9v\u00e9nement de mardi prochain, relatif au lancement de la FIFA Talent Academy en Mauritanie, qui sera la premi\u00e8re du genre en Afrique.<\/p>\n<p>Les deux parties ont discut\u00e9 des derniers pr\u00e9paratifs de cet \u00e9v\u00e9nement majeur et des diff\u00e9rents aspects de la coop\u00e9ration fructueuse entre la FIFA et la F\u00e9d\u00e9ration Mauritanienne de Football.<\/p>\n","protected":false},"excerpt":{"rendered":"<p>Le Pr\u00e9sident de la F\u00e9d\u00e9ration Nationale de Football (FNF), M. Ahmed Ould Yahya, a re\u00e7u dimanche matin au si\u00e8ge de la FNF M. Gelson Fernandes, Vice-pr\u00e9sident des Associations Membres de la FIFA et Directeur R\u00e9gional pour l\u2019Afrique, en vue de pr\u00e9parer l\u2019\u00e9v\u00e9nement de mardi prochain, relatif au lancement de la FIFA Talent Academy en Mauritanie, &hellip;<\/p>\n","protected":false},"author":2,"featured_media":14323,"comment_status":"open","ping_status":"open","sticky":false,"template":"","format":"standard","meta":{"footnotes":""},"categories":[18,17],"tags":[],"class_list":["post-14322","post","type-post","status-publish","format-standard","has-post-thumbnail","hentry","category-actualites","category-sports"],"_links":{"self":[{"href":"https:\/\/ladepeche.mr\/index.php?rest_route=\/wp\/v2\/posts\/14322","targetHints":{"allow":["GET"]}}],"collection":[{"href":"https:\/\/ladepeche.mr\/index.php?rest_route=\/wp\/v2\/posts"}],"about":[{"href":"https:\/\/ladepeche.mr\/index.php?rest_route=\/wp\/v2\/types\/post"}],"author":[{"embeddable":true,"href":"https:\/\/ladepeche.mr\/index.php?rest_route=\/wp\/v2\/users\/2"}],"replies":[{"embeddable":true,"href":"https:\/\/ladepeche.mr\/index.php?rest_route=%2Fwp%2Fv2%2Fcomments&post=14322"}],"version-history":[{"count":1,"href":"https:\/\/ladepeche.mr\/index.php?rest_route=\/wp\/v2\/posts\/14322\/revisions"}],"predecessor-version":[{"id":14324,"href":"https:\/\/ladepeche.mr\/index.php?rest_route=\/wp\/v2\/posts\/14322\/revisions\/14324"}],"wp:featuredmedia":[{"embeddable":true,"href":"https:\/\/ladepeche.mr\/index.php?rest_route=\/wp\/v2\/media\/14323"}],"wp:attachment":[{"href":"https:\/\/ladepeche.mr\/index.php?rest_route=%2Fwp%2Fv2%2Fmedia&parent=14322"}],"wp:term":[{"taxonomy":"category","embeddable":true,"href":"https:\/\/ladepeche.mr\/index.php?rest_route=%2Fwp%2Fv2%2Fcategories&post=14322"},{"taxonomy":"post_tag","embeddable":true,"href":"https:\/\/ladepeche.mr\/index.php?rest_route=%2Fwp%2Fv2%2Ftags&post=14322"}],"curies":[{"name":"wp","href":"https:\/\/api.w.org\/{rel}","templated":true}]}}