{"id":14325,"date":"2025-02-24T18:00:42","date_gmt":"2025-02-24T18:00:42","guid":{"rendered":"https:\/\/ladepeche.mr\/?p=14325"},"modified":"2025-02-24T18:00:42","modified_gmt":"2025-02-24T18:00:42","slug":"senegal-ousmane-sonko-et-la-rebellion-de-casamance-signent-un-accord-important-pour-la-paix","status":"publish","type":"post","link":"https:\/\/ladepeche.mr\/?p=14325","title":{"rendered":"S\u00e9n\u00e9gal : Ousmane Sonko et la r\u00e9bellion de Casamance signent \u00ab un accord important \u00bb pour la paix"},"content":{"rendered":"<p data-t=\"{&quot;n&quot;:&quot;blueLinks&quot;}\"><strong>Le Premier ministre s\u00e9n\u00e9galais a sign\u00e9 l\u2019accord lors d\u2019une rencontre, le 23 f\u00e9vrier au matin \u00e0 Bissau, avec des membres du Mouvement des forces d\u00e9mocratiques de la Casamance (MFDC), et ce, sous la m\u00e9diation du pr\u00e9sident bissau-guin\u00e9en, Umaro Sissoco Embal\u00f3.<\/strong><\/p>\n<div class=\"article-image-slot image-slot-placeholder\" data-doc-id=\"cms\/api\/amp\/image\/AA1zGShk\">\n<div class=\"article-image-slot\">\n<div class=\"article-image-container polished\" data-t=\"{&quot;n&quot;:&quot;OpenModal&quot;,&quot;t&quot;:13,&quot;b&quot;:8,&quot;c.i&quot;:&quot;AA1zGDAe&quot;,&quot;c.l&quot;:false,&quot;c.t&quot;:13,&quot;c.v&quot;:&quot;news&quot;,&quot;c.c&quot;:&quot;others&quot;,&quot;c.b&quot;:&quot;Jeune Afrique&quot;,&quot;c.bi&quot;:&quot;BB141bRa&quot;,&quot;c.tv&quot;:&quot;politics&quot;,&quot;c.tc&quot;:&quot;government&quot;,&quot;c.hl&quot;:&quot;S\u00e9n\u00e9gal : Ousmane Sonko et la r\u00e9bellion de Casamance signent \u00ab un accord important \u00bb pour la paix&quot;}\" data-test-id=\"AA1zGShk\">\n<p data-t=\"{&quot;n&quot;:&quot;blueLinks&quot;}\">Les nouvelles autorit\u00e9s du\u00a0<a href=\"https:\/\/www.jeuneafrique.com\/pays\/senegal\/?utm_source=microsoft&amp;utm_medium=feeds&amp;utm_campaign=feeds-microsoft-v1\" target=\"_blank\" rel=\"noopener\" data-t=\"{&quot;n&quot;:&quot;destination&quot;,&quot;t&quot;:13,&quot;b&quot;:1,&quot;c.t&quot;:7}\">S\u00e9n\u00e9gal<\/a>\u00a0et la r\u00e9bellion ind\u00e9pendantiste de Casamance, le Mouvement des forces d\u00e9mocratiques de la Casamance (MFDC), ont sign\u00e9 le 23 f\u00e9vrier \u00e0 Bissau un \u00ab\u00a0accord important\u00a0\u00bb visant une paix d\u00e9finitive dans cette r\u00e9gion, th\u00e9\u00e2tre d\u2019un conflit de plus de quarante ans, a rapport\u00e9 ce 24 f\u00e9vrier la cha\u00eene nationale, la Radiodiffusion t\u00e9l\u00e9vision s\u00e9n\u00e9galaise (RTS).<\/p>\n<div class=\"intra-article-module\" data-t=\"{&quot;n&quot;:&quot;intraArticle&quot;,&quot;t&quot;:13}\">\n<div class=\"articlePageIntraArticleFullWidth ad-slot-placeholder left-image-intra-ad collapsed\" data-ad-index=\"0\">\n<div class=\"intra-article-ad-full left-image-intra-ad\"><\/div>\n<\/div>\n<\/div>\n<p data-t=\"{&quot;n&quot;:&quot;blueLinks&quot;}\">L\u2019accord a \u00e9t\u00e9 sign\u00e9 par le Premier ministre s\u00e9n\u00e9galais,\u00a0<a href=\"https:\/\/www.jeuneafrique.com\/personnalites\/ousmane-sonko\/?utm_source=microsoft&amp;utm_medium=feeds&amp;utm_campaign=feeds-microsoft-v1\" target=\"_blank\" rel=\"noopener\" data-t=\"{&quot;n&quot;:&quot;destination&quot;,&quot;t&quot;:13,&quot;b&quot;:1,&quot;c.t&quot;:7}\">Ousmane Sonko<\/a>, sous la m\u00e9diation du pr\u00e9sident de Guin\u00e9e-Bissau,\u00a0<a href=\"https:\/\/www.jeuneafrique.com\/personnalites\/umaro-sissoco-embalo\/?utm_source=microsoft&amp;utm_medium=feeds&amp;utm_campaign=feeds-microsoft-v1\" target=\"_blank\" rel=\"noopener\" data-t=\"{&quot;n&quot;:&quot;destination&quot;,&quot;t&quot;:13,&quot;b&quot;:1,&quot;c.t&quot;:7}\">Umaro Sissoco Embal\u00f3<\/a>.<\/p>\n<p data-t=\"{&quot;n&quot;:&quot;blueLinks&quot;}\">Ces pourparlers sont les premiers rendus publics entre les ind\u00e9pendantistes et les nouvelles autorit\u00e9s s\u00e9n\u00e9galaises \u00e9lues en mars\u00a02024. Les deux parties ont conclu, \u00ab\u00a0apr\u00e8s trois jours de travaux, un accord important qui constitue un tr\u00e8s grand pas vers la paix en Casamance\u00a0\u00bb, a d\u00e9clar\u00e9 Ousmane Sonko, cit\u00e9 par la RTS.<\/p>\n<h2 class=\"article-sub-heading\">D\u00e9mobilisation et r\u00e9insertion effective des rebelles dans la soci\u00e9t\u00e9<\/h2>\n<p data-t=\"{&quot;n&quot;:&quot;blueLinks&quot;}\">Cet accord, qui s\u2019inscrit dans la continuit\u00e9 des efforts entrepris pour pacifier la r\u00e9gion, pr\u00e9voit notamment la d\u00e9mobilisation des rebelles et leur r\u00e9insertion effective dans la soci\u00e9t\u00e9.<\/p>\n<p class=\"continue-read-break\" data-t=\"{&quot;n&quot;:&quot;blueLinks&quot;}\">La Casamance, s\u00e9par\u00e9e de la majeure partie du territoire s\u00e9n\u00e9galais par la Gambie, est le th\u00e9\u00e2tre de l\u2019un des plus vieux conflits d\u2019Afrique depuis que des ind\u00e9pendantistes y ont pris le maquis avec un armement rudimentaire apr\u00e8s la r\u00e9pression d\u2019une marche du MFDC en d\u00e9cembre\u00a01982.<\/p>\n<p data-t=\"{&quot;n&quot;:&quot;blueLinks&quot;}\">Lire la suite sur <a href=\"https:\/\/www.msn.com\/fr-xl\/actualite\/other\/s%C3%A9n%C3%A9gal-ousmane-sonko-et-la-r%C3%A9bellion-de-casamance-signent-un-accord-important-pour-la-paix\/ar-AA1zGDAe?ocid=msedgdhp&amp;pc=U531&amp;cvid=46e46a877c7440a89d7661bfbdd4c8f3&amp;ei=9\">S\u00e9n\u00e9gal : Ousmane Sonko et la r\u00e9bellion de Casamance signent \u00ab un accord important \u00bb pour la paix<\/a><\/p>\n<\/div>\n<\/div>\n<\/div>\n","protected":false},"excerpt":{"rendered":"<p>Le Premier ministre s\u00e9n\u00e9galais a sign\u00e9 l\u2019accord lors d\u2019une rencontre, le 23 f\u00e9vrier au matin \u00e0 Bissau, avec des membres du Mouvement des forces d\u00e9mocratiques de la Casamance (MFDC), et ce, sous la m\u00e9diation du pr\u00e9sident bissau-guin\u00e9en, Umaro Sissoco Embal\u00f3. Les nouvelles autorit\u00e9s du\u00a0S\u00e9n\u00e9gal\u00a0et la r\u00e9bellion ind\u00e9pendantiste de Casamance, le Mouvement des forces d\u00e9mocratiques de &hellip;<\/p>\n","protected":false},"author":2,"featured_media":14326,"comment_status":"open","ping_status":"open","sticky":false,"template":"","format":"standard","meta":{"footnotes":""},"categories":[18,29],"tags":[],"class_list":["post-14325","post","type-post","status-publish","format-standard","has-post-thumbnail","hentry","category-actualites","category-monde"],"_links":{"self":[{"href":"https:\/\/ladepeche.mr\/index.php?rest_route=\/wp\/v2\/posts\/14325","targetHints":{"allow":["GET"]}}],"collection":[{"href":"https:\/\/ladepeche.mr\/index.php?rest_route=\/wp\/v2\/posts"}],"about":[{"href":"https:\/\/ladepeche.mr\/index.php?rest_route=\/wp\/v2\/types\/post"}],"author":[{"embeddable":true,"href":"https:\/\/ladepeche.mr\/index.php?rest_route=\/wp\/v2\/users\/2"}],"replies":[{"embeddable":true,"href":"https:\/\/ladepeche.mr\/index.php?rest_route=%2Fwp%2Fv2%2Fcomments&post=14325"}],"version-history":[{"count":1,"href":"https:\/\/ladepeche.mr\/index.php?rest_route=\/wp\/v2\/posts\/14325\/revisions"}],"predecessor-version":[{"id":14327,"href":"https:\/\/ladepeche.mr\/index.php?rest_route=\/wp\/v2\/posts\/14325\/revisions\/14327"}],"wp:featuredmedia":[{"embeddable":true,"href":"https:\/\/ladepeche.mr\/index.php?rest_route=\/wp\/v2\/media\/14326"}],"wp:attachment":[{"href":"https:\/\/ladepeche.mr\/index.php?rest_route=%2Fwp%2Fv2%2Fmedia&parent=14325"}],"wp:term":[{"taxonomy":"category","embeddable":true,"href":"https:\/\/ladepeche.mr\/index.php?rest_route=%2Fwp%2Fv2%2Fcategories&post=14325"},{"taxonomy":"post_tag","embeddable":true,"href":"https:\/\/ladepeche.mr\/index.php?rest_route=%2Fwp%2Fv2%2Ftags&post=14325"}],"curies":[{"name":"wp","href":"https:\/\/api.w.org\/{rel}","templated":true}]}}