{"id":14335,"date":"2025-02-25T13:02:17","date_gmt":"2025-02-25T13:02:17","guid":{"rendered":"https:\/\/ladepeche.mr\/?p=14335"},"modified":"2025-02-25T13:02:17","modified_gmt":"2025-02-25T13:02:17","slug":"est-de-la-rdc-trois-leaders-africains-nommes-pour-relancer-le-processus-de-paix","status":"publish","type":"post","link":"https:\/\/ladepeche.mr\/?p=14335","title":{"rendered":"Est de la RDC : Trois leaders africains nomm\u00e9s pour relancer le processus de paix"},"content":{"rendered":"<p>Lundi 24 f\u00e9vrier 2025, l\u2019ancien pr\u00e9sident du Kenya Uhuru Kenyatta, l\u2019ex-pr\u00e9sident nig\u00e9rian Olusegun Obasanjo et l\u2019ancien Premier ministre \u00e9thiopien Hailemariam Desalegn ont \u00e9t\u00e9 d\u00e9sign\u00e9s comme facilitateurs des processus de paix fusionn\u00e9s de Luanda et de Nairobi. Leur mission : superviser les n\u00e9gociations et tenter d\u2019instaurer un cessez-le-feu durable dans l\u2019Est de la R\u00e9publique d\u00e9mocratique du Congo (RDC).<\/p>\n<p data-t=\"{&quot;n&quot;:&quot;blueLinks&quot;}\">Cette d\u00e9cision, officialis\u00e9e par un communiqu\u00e9 conjoint de la Communaut\u00e9 des \u00c9tats d&#8217;Afrique de l&#8217;Est (EAC) et de la Communaut\u00e9 de d\u00e9veloppement de l&#8217;Afrique australe (SADC), fait suite \u00e0 des consultations entre les chefs d\u2019\u00c9tat et gouvernements des deux organisations r\u00e9gionales.<\/p>\n<h3 class=\"article-sub-heading\"><strong>Une mission diplomatique sous tension<\/strong><\/h3>\n<p data-t=\"{&quot;n&quot;:&quot;blueLinks&quot;}\">Les nouveaux facilitateurs auront plusieurs responsabilit\u00e9s cruciales :<\/p>\n<div class=\"article-list-slot\">\n<ul>\n<li data-t=\"{&quot;n&quot;:&quot;blueLinks&quot;}\"><strong>Veiller \u00e0 la mise en \u0153uvre du cessez-le-feu<\/strong>\u00a0entre les groupes arm\u00e9s et les forces congolaises.<\/li>\n<li data-t=\"{&quot;n&quot;:&quot;blueLinks&quot;}\"><strong>Coordonner l\u2019aide humanitaire<\/strong>\u00a0pour les populations affect\u00e9es par le conflit.<\/li>\n<li data-t=\"{&quot;n&quot;:&quot;blueLinks&quot;}\"><strong>Favoriser les discussions<\/strong>\u00a0entre les diff\u00e9rentes parties prenantes afin d\u2019aboutir \u00e0 une solution politique viable.<\/li>\n<\/ul>\n<\/div>\n<p data-t=\"{&quot;n&quot;:&quot;blueLinks&quot;}\">Cette nomination intervient alors que les combats entre l\u2019arm\u00e9e congolaise et les rebelles du M23\/AFC continuent, notamment dans le territoire de Lubero, au Nord-Kivu, malgr\u00e9 les nombreux appels \u00e0 la fin des hostilit\u00e9s.<\/p>\n<h3 class=\"article-sub-heading\"><strong>Une fusion des processus pour plus d\u2019efficacit\u00e9<\/strong><\/h3>\n<p data-t=\"{&quot;n&quot;:&quot;blueLinks&quot;}\">Ce changement marque \u00e9galement une refonte du cadre diplomatique existant. Uhuru Kenyatta, qui occupait d\u00e9j\u00e0 le poste de facilitateur du processus de Nairobi, sera d\u00e9sormais accompagn\u00e9 de deux figures de poids :<\/p>\n<div class=\"article-list-slot\">\n<ul>\n<li data-t=\"{&quot;n&quot;:&quot;blueLinks&quot;}\"><strong>Olusegun Obasanjo<\/strong>, ancien pr\u00e9sident du Nigeria, reconnu pour son r\u00f4le dans plusieurs m\u00e9diations africaines.<\/li>\n<li class=\"continue-read-break\" data-t=\"{&quot;n&quot;:&quot;blueLinks&quot;}\"><strong>Hailemariam Desalegn<\/strong>, ex-Premier ministre \u00e9thiopien, ayant une exp\u00e9rience diplomatique significative sur le continent.<\/li>\n<\/ul>\n<\/div>\n<p data-t=\"{&quot;n&quot;:&quot;blueLinks&quot;}\">Ils remplacent ainsi Jo\u00e3o Louren\u00e7o, ancien facilitateur du processus de Luanda, qui s\u2019est retir\u00e9 pour prendre la t\u00eate de l\u2019Union africaine.<\/p>\n<h3 class=\"article-sub-heading\"><strong>Vers un nouvel espoir pour la RDC ?<\/strong><\/h3>\n<p data-t=\"{&quot;n&quot;:&quot;blueLinks&quot;}\">Alors que les chefs d\u2019\u00e9tat-major de la SADC et de l\u2019EAC se r\u00e9unissaient en parall\u00e8le pour \u00e9tablir une feuille de route, un rapport consult\u00e9 par\u00a0<em>Jeune Afrique<\/em>\u00a0indique que la fusion des processus de Luanda et de Nairobi a \u00e9t\u00e9 propos\u00e9e par un panel d\u2019experts des deux organisations. L\u2019objectif est de rendre les n\u00e9gociations plus efficaces et d\u2019acc\u00e9l\u00e9rer la cessation des hostilit\u00e9s.<\/p>\n<p data-t=\"{&quot;n&quot;:&quot;blueLinks&quot;}\">Les attentes sont d\u00e9sormais tourn\u00e9es vers le\u00a0<strong>28 f\u00e9vrier 2025<\/strong>, date pr\u00e9vue pour une nouvelle r\u00e9union des chefs d\u2019\u00c9tat. Celle-ci devra pr\u00e9ciser les prochaines \u00e9tapes pour garantir l\u2019application du cessez-le-feu et la mise en place d\u2019un processus de paix durable.<\/p>\n<p data-t=\"{&quot;n&quot;:&quot;blueLinks&quot;}\">La communaut\u00e9 internationale observe avec attention cette initiative, esp\u00e9rant que cette nouvelle approche diplomatique puisse enfin apporter la stabilit\u00e9 tant attendue dans l\u2019Est de la RDC.<\/p>\n<p data-t=\"{&quot;n&quot;:&quot;blueLinks&quot;}\"><a href=\"https:\/\/www.msn.com\/fr-xl\/afrique-centre-et-est\/other\/est-de-la-rdc-trois-leaders-africains-nomm%C3%A9s-pour-relancer-le-processus-de-paix\/ar-AA1zJMSB?ocid=msedgdhp&amp;pc=U531&amp;cvid=22234224e6a24549b3d438f6e42cda81&amp;ei=43\">Est de la RDC : Trois leaders africains nomm\u00e9s pour relancer le processus de paix<\/a><\/p>\n","protected":false},"excerpt":{"rendered":"<p>Lundi 24 f\u00e9vrier 2025, l\u2019ancien pr\u00e9sident du Kenya Uhuru Kenyatta, l\u2019ex-pr\u00e9sident nig\u00e9rian Olusegun Obasanjo et l\u2019ancien Premier ministre \u00e9thiopien Hailemariam Desalegn ont \u00e9t\u00e9 d\u00e9sign\u00e9s comme facilitateurs des processus de paix fusionn\u00e9s de Luanda et de Nairobi. Leur mission : superviser les n\u00e9gociations et tenter d\u2019instaurer un cessez-le-feu durable dans l\u2019Est de la R\u00e9publique d\u00e9mocratique du &hellip;<\/p>\n","protected":false},"author":2,"featured_media":14336,"comment_status":"open","ping_status":"open","sticky":false,"template":"","format":"standard","meta":{"footnotes":""},"categories":[18,29],"tags":[],"class_list":["post-14335","post","type-post","status-publish","format-standard","has-post-thumbnail","hentry","category-actualites","category-monde"],"_links":{"self":[{"href":"https:\/\/ladepeche.mr\/index.php?rest_route=\/wp\/v2\/posts\/14335","targetHints":{"allow":["GET"]}}],"collection":[{"href":"https:\/\/ladepeche.mr\/index.php?rest_route=\/wp\/v2\/posts"}],"about":[{"href":"https:\/\/ladepeche.mr\/index.php?rest_route=\/wp\/v2\/types\/post"}],"author":[{"embeddable":true,"href":"https:\/\/ladepeche.mr\/index.php?rest_route=\/wp\/v2\/users\/2"}],"replies":[{"embeddable":true,"href":"https:\/\/ladepeche.mr\/index.php?rest_route=%2Fwp%2Fv2%2Fcomments&post=14335"}],"version-history":[{"count":1,"href":"https:\/\/ladepeche.mr\/index.php?rest_route=\/wp\/v2\/posts\/14335\/revisions"}],"predecessor-version":[{"id":14337,"href":"https:\/\/ladepeche.mr\/index.php?rest_route=\/wp\/v2\/posts\/14335\/revisions\/14337"}],"wp:featuredmedia":[{"embeddable":true,"href":"https:\/\/ladepeche.mr\/index.php?rest_route=\/wp\/v2\/media\/14336"}],"wp:attachment":[{"href":"https:\/\/ladepeche.mr\/index.php?rest_route=%2Fwp%2Fv2%2Fmedia&parent=14335"}],"wp:term":[{"taxonomy":"category","embeddable":true,"href":"https:\/\/ladepeche.mr\/index.php?rest_route=%2Fwp%2Fv2%2Fcategories&post=14335"},{"taxonomy":"post_tag","embeddable":true,"href":"https:\/\/ladepeche.mr\/index.php?rest_route=%2Fwp%2Fv2%2Ftags&post=14335"}],"curies":[{"name":"wp","href":"https:\/\/api.w.org\/{rel}","templated":true}]}}