{"id":14338,"date":"2025-02-25T13:06:12","date_gmt":"2025-02-25T13:06:12","guid":{"rendered":"https:\/\/ladepeche.mr\/?p=14338"},"modified":"2025-02-25T13:06:12","modified_gmt":"2025-02-25T13:06:12","slug":"mauritanie-vingt-ans-de-prison-requis-en-appel-pour-lex-president-mohamed-ould-abdel-aziz","status":"publish","type":"post","link":"https:\/\/ladepeche.mr\/?p=14338","title":{"rendered":"Mauritanie: vingt ans de prison requis en appel pour l\u2019ex-pr\u00e9sident Mohamed Ould Abdel Aziz"},"content":{"rendered":"<p class=\"t-content__chapo\">\u00c0 Nouakchott, en deuxi\u00e8me instance, le procureur g\u00e9n\u00e9ral a requis une peine de vingt ans de prison contre l&#8217;ex-pr\u00e9sident Mohamed Ould Abdel Aziz, accus\u00e9 de d\u00e9tournement de fonds publics et d\u2019enrichissement illicite durant son mandat. Cette peine intervient apr\u00e8s sa condamnation \u00e0 cinq ans de prison en d\u00e9cembre dernier, lors de son premier proc\u00e8s.<\/p>\n<div class=\"t-content__dates t-content__dates--reading-time\">\n<p>L\u2019ex-pr\u00e9sident\u00a0<strong><a href=\"https:\/\/www.rfi.fr\/fr\/tag\/mohamed-ould-abdel-aziz\/\" target=\"_self\">Mohamed Ould Abdel Aziz<\/a><\/strong>, qui a dirig\u00e9 la\u00a0<strong><a href=\"https:\/\/www.rfi.fr\/fr\/tag\/mauritanie\/\" target=\"_self\">Mauritanie<\/a><\/strong>\u00a0de 2008 \u00e0 2019, comparait aux c\u00f4t\u00e9s de deux anciens premiers ministres et de plusieurs hauts responsables et dirigeants d\u2019entreprises. Tous sont accus\u00e9s de \u00ab\u00a0<em>trafic d\u2019influence<\/em>\u00a0\u00bb, \u00ab\u00a0<em>blanchiment<\/em>\u00a0\u00bb, \u00ab\u00a0<em>abus de fonctions\u00a0<\/em>\u00bb et \u00ab\u00a0<em>enrichissement illicite\u00a0\u00bb<\/em>.<\/p>\n<p>L\u2019enrichissement de Mohamed Ould Abdel Aziz est estim\u00e9 \u00e0 67 millions d&#8217;euros. Selon le procureur, les fonctions de l&#8217;ex-chef d&#8217;\u00c9tat lui auraient permis, \u00e0 l&#8217;\u00e9poque,\u00a0d&#8217;user de ses fonctions pour faire pression sur des investisseurs.<\/p>\n<p>Cependant, Mohamed Ould Abdel Aziz et ses avocats r\u00e9futent ces accusations. La d\u00e9fense, qui doit pr\u00e9senter ses plaidoiries ce mardi \u00e0 Nouakchott, a contest\u00e9 la proc\u00e9dure judiciaire depuis le d\u00e9but de l\u2019affaire. Selon eux, seule la Haute Cour de Justice mauritanienne est comp\u00e9tente pour juger un ancien pr\u00e9sident.<\/p>\n<p>Rfi<\/p>\n<p>Photo LDM<\/p>\n<\/div>\n","protected":false},"excerpt":{"rendered":"<p>\u00c0 Nouakchott, en deuxi\u00e8me instance, le procureur g\u00e9n\u00e9ral a requis une peine de vingt ans de prison contre l&#8217;ex-pr\u00e9sident Mohamed Ould Abdel Aziz, accus\u00e9 de d\u00e9tournement de fonds publics et d\u2019enrichissement illicite durant son mandat. Cette peine intervient apr\u00e8s sa condamnation \u00e0 cinq ans de prison en d\u00e9cembre dernier, lors de son premier proc\u00e8s. L\u2019ex-pr\u00e9sident\u00a0Mohamed &hellip;<\/p>\n","protected":false},"author":2,"featured_media":12515,"comment_status":"open","ping_status":"open","sticky":false,"template":"","format":"standard","meta":{"footnotes":""},"categories":[18],"tags":[],"class_list":["post-14338","post","type-post","status-publish","format-standard","has-post-thumbnail","hentry","category-actualites"],"_links":{"self":[{"href":"https:\/\/ladepeche.mr\/index.php?rest_route=\/wp\/v2\/posts\/14338","targetHints":{"allow":["GET"]}}],"collection":[{"href":"https:\/\/ladepeche.mr\/index.php?rest_route=\/wp\/v2\/posts"}],"about":[{"href":"https:\/\/ladepeche.mr\/index.php?rest_route=\/wp\/v2\/types\/post"}],"author":[{"embeddable":true,"href":"https:\/\/ladepeche.mr\/index.php?rest_route=\/wp\/v2\/users\/2"}],"replies":[{"embeddable":true,"href":"https:\/\/ladepeche.mr\/index.php?rest_route=%2Fwp%2Fv2%2Fcomments&post=14338"}],"version-history":[{"count":1,"href":"https:\/\/ladepeche.mr\/index.php?rest_route=\/wp\/v2\/posts\/14338\/revisions"}],"predecessor-version":[{"id":14339,"href":"https:\/\/ladepeche.mr\/index.php?rest_route=\/wp\/v2\/posts\/14338\/revisions\/14339"}],"wp:featuredmedia":[{"embeddable":true,"href":"https:\/\/ladepeche.mr\/index.php?rest_route=\/wp\/v2\/media\/12515"}],"wp:attachment":[{"href":"https:\/\/ladepeche.mr\/index.php?rest_route=%2Fwp%2Fv2%2Fmedia&parent=14338"}],"wp:term":[{"taxonomy":"category","embeddable":true,"href":"https:\/\/ladepeche.mr\/index.php?rest_route=%2Fwp%2Fv2%2Fcategories&post=14338"},{"taxonomy":"post_tag","embeddable":true,"href":"https:\/\/ladepeche.mr\/index.php?rest_route=%2Fwp%2Fv2%2Ftags&post=14338"}],"curies":[{"name":"wp","href":"https:\/\/api.w.org\/{rel}","templated":true}]}}