{"id":1434,"date":"2022-08-11T13:35:25","date_gmt":"2022-08-11T13:35:25","guid":{"rendered":"https:\/\/ladepeche.mr\/?p=1434"},"modified":"2022-08-11T15:33:38","modified_gmt":"2022-08-11T15:33:38","slug":"refus-de-visite-au-detenu-mohamed-ould-abdelaziz-le-parquet-refute-les-allegations","status":"publish","type":"post","link":"https:\/\/ladepeche.mr\/?p=1434","title":{"rendered":"Refus de visite au d\u00e9tenu Mohamed Ould Abdelaziz\u00a0: Le Parquet r\u00e9fute les \u00aball\u00e9gations\u00bb"},"content":{"rendered":"<p style=\"text-align: left;\">Le minist\u00e8re public a rendu public, jeudi, un communiqu\u00e9 r\u00e9futant ce qu\u2019il consid\u00e8re comme des all\u00e9gations portant sur un refus oppos\u00e9 \u00e0 la tante de l\u2019ancien pr\u00e9sident pour lui rendre visite. Selon le Parquet aucun refus de visite n\u2019aurait \u00e9t\u00e9 oppos\u00e9 \u00e0 la tante de l\u2019ancien pr\u00e9sident Mohamed Ould Abdelaziz, sous contr\u00f4le judiciaire via le dossier de corruption n\u00b0 001\/2021.<\/p>\n<p>Et le Parquet g\u00e9n\u00e9ral de pr\u00e9ciser \u00ab\u00a0pour lever toute \u00e9quivoque\u00a0\u00bb le parquet soutient que:<\/p>\n<p>\u00ab\u00a0\u2013 L\u2019affirmation selon laquelle la tante de l\u2019accus\u00e9 en question a \u00e9t\u00e9 emp\u00each\u00e9e de lui rendre visite est fausse, car elle a \u00e9t\u00e9 autoris\u00e9e \u00e0 lui rendre visite depuis le d\u00e9but de la mise en \u0153uvre des proc\u00e9dures de contr\u00f4le judiciaire, et cela est consign\u00e9 dans les registres des \u00e9l\u00e9ments de s\u00e9curit\u00e9 en charge de l\u2019ex\u00e9cution ces proc\u00e9dures.<\/p>\n<p>\u2013 La situation de la tante a \u00e9t\u00e9 consid\u00e9r\u00e9e comme un cas familial humanitaire, en raison du rapport au neveu, sur la base des r\u00e8gles g\u00e9n\u00e9rales de la charia, et de la culture et des traditions de notre soci\u00e9t\u00e9, de sorte qu\u2019elle a pu lui rendre visite sans recourir aux proc\u00e9dures que certains avocats ont cherch\u00e9es \u00e0 suivre.<\/p>\n<p>\u2013 La personne concern\u00e9e peut rendre visite \u00e0 l\u2019accus\u00e9 \u00e0 tout moment.\u00a0\u00bb.<\/p>\n","protected":false},"excerpt":{"rendered":"<p>Le minist\u00e8re public a rendu public, jeudi, un communiqu\u00e9 r\u00e9futant ce qu\u2019il consid\u00e8re comme des all\u00e9gations portant sur un refus oppos\u00e9 \u00e0 la tante de l\u2019ancien pr\u00e9sident pour lui rendre visite. Selon le Parquet aucun refus de visite n\u2019aurait \u00e9t\u00e9 oppos\u00e9 \u00e0 la tante de l\u2019ancien pr\u00e9sident Mohamed Ould Abdelaziz, sous contr\u00f4le judiciaire via le &hellip;<\/p>\n","protected":false},"author":2,"featured_media":1435,"comment_status":"open","ping_status":"open","sticky":false,"template":"","format":"standard","meta":{"footnotes":""},"categories":[18],"tags":[],"class_list":["post-1434","post","type-post","status-publish","format-standard","has-post-thumbnail","hentry","category-actualites"],"_links":{"self":[{"href":"https:\/\/ladepeche.mr\/index.php?rest_route=\/wp\/v2\/posts\/1434","targetHints":{"allow":["GET"]}}],"collection":[{"href":"https:\/\/ladepeche.mr\/index.php?rest_route=\/wp\/v2\/posts"}],"about":[{"href":"https:\/\/ladepeche.mr\/index.php?rest_route=\/wp\/v2\/types\/post"}],"author":[{"embeddable":true,"href":"https:\/\/ladepeche.mr\/index.php?rest_route=\/wp\/v2\/users\/2"}],"replies":[{"embeddable":true,"href":"https:\/\/ladepeche.mr\/index.php?rest_route=%2Fwp%2Fv2%2Fcomments&post=1434"}],"version-history":[{"count":2,"href":"https:\/\/ladepeche.mr\/index.php?rest_route=\/wp\/v2\/posts\/1434\/revisions"}],"predecessor-version":[{"id":1438,"href":"https:\/\/ladepeche.mr\/index.php?rest_route=\/wp\/v2\/posts\/1434\/revisions\/1438"}],"wp:featuredmedia":[{"embeddable":true,"href":"https:\/\/ladepeche.mr\/index.php?rest_route=\/wp\/v2\/media\/1435"}],"wp:attachment":[{"href":"https:\/\/ladepeche.mr\/index.php?rest_route=%2Fwp%2Fv2%2Fmedia&parent=1434"}],"wp:term":[{"taxonomy":"category","embeddable":true,"href":"https:\/\/ladepeche.mr\/index.php?rest_route=%2Fwp%2Fv2%2Fcategories&post=1434"},{"taxonomy":"post_tag","embeddable":true,"href":"https:\/\/ladepeche.mr\/index.php?rest_route=%2Fwp%2Fv2%2Ftags&post=1434"}],"curies":[{"name":"wp","href":"https:\/\/api.w.org\/{rel}","templated":true}]}}