{"id":14344,"date":"2025-02-25T13:36:02","date_gmt":"2025-02-25T13:36:02","guid":{"rendered":"https:\/\/ladepeche.mr\/?p=14344"},"modified":"2025-02-25T13:36:02","modified_gmt":"2025-02-25T13:36:02","slug":"route-des-canaries-arrete-en-mauritanie-un-trafiquant-responsable-de-la-mort-de-180-migrants-a-ete-extrade-vers-lespagne","status":"publish","type":"post","link":"https:\/\/ladepeche.mr\/?p=14344","title":{"rendered":"Route des Canaries : arr\u00eat\u00e9 en Mauritanie, un trafiquant responsable de la mort de 180 migrants a \u00e9t\u00e9 extrad\u00e9 vers l\u2019Espagne"},"content":{"rendered":"<p class=\"article-content__description\">Vendredi 21 f\u00e9vrier, la police espagnole a annonc\u00e9 avoir re\u00e7u et plac\u00e9 en d\u00e9tention provisoire le pr\u00e9sum\u00e9 chef d\u2019un r\u00e9seau de passeurs arr\u00eat\u00e9 en Mauritanie. Il est soup\u00e7onn\u00e9 d\u2019avoir organis\u00e9 des dizaines de travers\u00e9es de migrants vers les Canaries au cours desquelles 180 personnes ont disparu.<\/p>\n<div class=\"article-content__body\">\n<p>Mohamed SS, alias &#8220;Mastermind&#8221;, est un homme de 51 ans. Il est suspect\u00e9 d\u2019\u00eatre \u00e0 la t\u00eate d\u2019un r\u00e9seau de passeurs entre la Mauritanie et les \u00eeles Canaries. Il a \u00e9t\u00e9 arr\u00eat\u00e9 en Mauritanie le 9 ao\u00fbt 2024 et est accus\u00e9 d\u2019avoir affr\u00e9t\u00e9 au moins 73 bateaux de migrants depuis 2021. Selon l\u2019enqu\u00eate, 3 594 migrants ont particip\u00e9 \u00e0 ces voyages au cours desquels au moins 180 personnes ont disparu.<\/p>\n<p>En vertu d\u2019un mandat d\u2019arr\u00eat international pour atteintes aux droits des \u00e9trangers et appartenance \u00e0 une organisation criminelle \u00e9mis par l\u2019Espagne, il a \u00e9t\u00e9 remis la semaine derni\u00e8re au bureau d\u2019Interpol \u00e0 Madrid avant d\u2019\u00eatre livr\u00e9 \u00e0 la police espagnole des Canaries, ont indiqu\u00e9 les autorit\u00e9s vendredi 21 f\u00e9vrier. Depuis, il a \u00e9t\u00e9 plac\u00e9 en d\u00e9tention provisoire pour trafic de migrants.<\/p>\n<h2>Vaste r\u00e9seau<\/h2>\n<p>L\u2019enqu\u00eate d\u00e9but\u00e9e en 2021 a permis de mettre \u00e0 jour un r\u00e9seau qui, depuis la ville de La\u00e2youne au Sahara occidental, organisait la venue des migrants jusqu\u2019au Sahara occidental puis leur faisait traverser la fronti\u00e8re de la Mauritanie. Ensuite, ils embarquaient dans des pirogues depuis le nord du pays pour faire route vers les Canaries. Toujours selon l\u2019enqu\u00eate, le suspect jouait un r\u00f4le central dans le recrutement des migrants originaires d\u2019Afrique subsaharienne, du Bangladesh et du Pakistan.<\/p>\n<p>Les immigr\u00e9s qui utilisaient les services de cette mafia payaient jusqu&#8217;\u00e0 15 000 euros pour l\u2019acheminement jusqu\u2019en Mauritanie et la travers\u00e9e.<\/p>\n<p>Selon les t\u00e9moignages recueillis par la police espagnole, les migrants ont \u00e9t\u00e9 victimes de mauvais traitements de la part de l\u2019organisation criminelle. Outre les conditions de voyage pr\u00e9caires, nombre d\u2019entre eux ont fait \u00e9tat de violences physiques et d\u2019actes d\u2019intimidation, certains ont \u00e9voqu\u00e9 l\u2019usage d\u2019armes \u00e0 feu par les passeurs pour obtenir des paiements suppl\u00e9mentaires. Des cas de s\u00e9questration ont \u00e9galement \u00e9t\u00e9 signal\u00e9s.<\/p>\n<h2>Accord sur la migration<\/h2>\n<p>Cette coop\u00e9ration judiciaire entre les autorit\u00e9s espagnoles et mauritaniennes t\u00e9moigne du rapprochement entre les deux pays sur la question migratoire. En visite en Mauritanie en ao\u00fbt dernier, le Premier ministre espagnol a sign\u00e9 un accord avec la Nouakchott pour renforcer la coop\u00e9ration dans la lutte contre les passeurs et \u0153uvrer en faveur d&#8217;une migration r\u00e9gul\u00e9e.<\/p>\n<p>Ainsi, Pedro Sanchez s&#8217;est engag\u00e9 \u00e0 mettre en place un processus de s\u00e9lection des travailleurs mauritaniens autoris\u00e9s \u00e0 venir travailler l\u00e9galement en Espagne en \u00e9change d&#8217;un durcissement de la l\u00e9gislation mauritanienne sur l&#8217;immigration clandestine.<\/p>\n<p>Cette mobilisation du Premier ministre espagnol intervient alors que le nombre de travers\u00e9es vers les Canaries a connu une hausse record. Sur l&#8217;ensemble de 2024, les Canaries ont d\u00fb prendre en charge\u00a0<a href=\"https:\/\/www.infomigrants.net\/fr\/post\/62032\/espagne--pres-de-47-000-migrants-ont-rejoint-les-iles-canaries-en-2024-record-historique\" target=\"_blank\" rel=\"noopener noreferrer\">pr\u00e8s de 47 000 migrants<\/a>. Du jamais vu pour ce petit bout de terre dans l&#8217;oc\u00e9an Atlantique, qui fait face depuis plusieurs mois \u00e0 une saturation de plus en plus importante de son syst\u00e8me d&#8217;accueil.<\/p>\n<p>Et cette augmentation du nombre d&#8217;arriv\u00e9es s&#8217;accompagne d&#8217;une hausse bien plus funeste : celle des d\u00e9c\u00e8s sur cette route. Face \u00e0 l&#8217;extr\u00eame dangerosit\u00e9 de cette voie migratoire, en plein oc\u00e9an Atlantique, \u00e0 la merci des intemp\u00e9ries et des forts courants, de plus en plus de personnes\u00a0p\u00e9rissent chaque ann\u00e9e en tentant\u00a0la travers\u00e9e depuis la c\u00f4te nord-ouest du continent africain. En 2024, pr\u00e8s de 10 000 personnes ont ainsi perdu la vie ou ont disparu en mer en essayant de gagner les \u00eeles espagnoles, contre 6 000 en 2023, selon\u00a0<a href=\"https:\/\/caminandofronteras.org\/wp-content\/uploads\/2024\/12\/DALV2024_FR-WEB-3.pdf\" target=\"_blank\" rel=\"noopener noreferrer\">un rapport publi\u00e9 fin d\u00e9cembre par l&#8217;ONG Caminando Fronteras<\/a>.<\/p>\n<h2>Arrestations fr\u00e9quentes<\/h2>\n<p>Les arrestations de chefs de r\u00e9seaux sont rares mais des passeurs et des petites mains sont r\u00e9guli\u00e8rement arr\u00eat\u00e9s sur cette route. Mercredi, les autorit\u00e9s espagnoles ont par exemple annonc\u00e9 l&#8217;arrestation de sept personnes. Elles sont soup\u00e7onn\u00e9es d&#8217;\u00eatre \u00e0 l&#8217;origine de la mort de huit migrants, dont un b\u00e9b\u00e9 de quatorze mois, en fin d&#8217;ann\u00e9e derni\u00e8re au large des Canaries. Toutes ont \u00e9t\u00e9 plac\u00e9es en d\u00e9tention provisoire.<\/p>\n<p><a href=\"https:\/\/www.infomigrants.net\/fr\/post\/63036\/route-des-canaries--arrete-en-mauritanie-un-trafiquant-responsable-de-la-mort-de-180-migrants-a-ete-extrade-vers-lespagne\">Route des Canaries : arr\u00eat\u00e9 en Mauritanie, un trafiquant responsable de la mort de 180 migrants a \u00e9t\u00e9 extrad\u00e9 vers l\u2019Espagne &#8211; InfoMigrants<\/a><\/p>\n<\/div>\n","protected":false},"excerpt":{"rendered":"<p>Vendredi 21 f\u00e9vrier, la police espagnole a annonc\u00e9 avoir re\u00e7u et plac\u00e9 en d\u00e9tention provisoire le pr\u00e9sum\u00e9 chef d\u2019un r\u00e9seau de passeurs arr\u00eat\u00e9 en Mauritanie. Il est soup\u00e7onn\u00e9 d\u2019avoir organis\u00e9 des dizaines de travers\u00e9es de migrants vers les Canaries au cours desquelles 180 personnes ont disparu. Mohamed SS, alias &#8220;Mastermind&#8221;, est un homme de 51 &hellip;<\/p>\n","protected":false},"author":2,"featured_media":14345,"comment_status":"open","ping_status":"open","sticky":false,"template":"","format":"standard","meta":{"footnotes":""},"categories":[18,29],"tags":[],"class_list":["post-14344","post","type-post","status-publish","format-standard","has-post-thumbnail","hentry","category-actualites","category-monde"],"_links":{"self":[{"href":"https:\/\/ladepeche.mr\/index.php?rest_route=\/wp\/v2\/posts\/14344","targetHints":{"allow":["GET"]}}],"collection":[{"href":"https:\/\/ladepeche.mr\/index.php?rest_route=\/wp\/v2\/posts"}],"about":[{"href":"https:\/\/ladepeche.mr\/index.php?rest_route=\/wp\/v2\/types\/post"}],"author":[{"embeddable":true,"href":"https:\/\/ladepeche.mr\/index.php?rest_route=\/wp\/v2\/users\/2"}],"replies":[{"embeddable":true,"href":"https:\/\/ladepeche.mr\/index.php?rest_route=%2Fwp%2Fv2%2Fcomments&post=14344"}],"version-history":[{"count":1,"href":"https:\/\/ladepeche.mr\/index.php?rest_route=\/wp\/v2\/posts\/14344\/revisions"}],"predecessor-version":[{"id":14346,"href":"https:\/\/ladepeche.mr\/index.php?rest_route=\/wp\/v2\/posts\/14344\/revisions\/14346"}],"wp:featuredmedia":[{"embeddable":true,"href":"https:\/\/ladepeche.mr\/index.php?rest_route=\/wp\/v2\/media\/14345"}],"wp:attachment":[{"href":"https:\/\/ladepeche.mr\/index.php?rest_route=%2Fwp%2Fv2%2Fmedia&parent=14344"}],"wp:term":[{"taxonomy":"category","embeddable":true,"href":"https:\/\/ladepeche.mr\/index.php?rest_route=%2Fwp%2Fv2%2Fcategories&post=14344"},{"taxonomy":"post_tag","embeddable":true,"href":"https:\/\/ladepeche.mr\/index.php?rest_route=%2Fwp%2Fv2%2Ftags&post=14344"}],"curies":[{"name":"wp","href":"https:\/\/api.w.org\/{rel}","templated":true}]}}