{"id":14348,"date":"2025-02-25T14:00:46","date_gmt":"2025-02-25T14:00:46","guid":{"rendered":"https:\/\/ladepeche.mr\/?p=14348"},"modified":"2025-02-25T13:45:10","modified_gmt":"2025-02-25T13:45:10","slug":"exclusif-vers-la-suppression-de-visa-entre-la-guinee-et-la-mauritanie","status":"publish","type":"post","link":"https:\/\/ladepeche.mr\/?p=14348","title":{"rendered":"Exclusif: Vers la suppression de visa entre la Guin\u00e9e et la Mauritanie"},"content":{"rendered":"<p>CONAKRY-Alors que de nombreux Guin\u00e9ens en situation de voyage ont des ennuis aux fronti\u00e8res mauritaniennes, une lueur d\u2019espoir se profile \u00e0 l\u2019horizon. Conakry a d\u00e9p\u00each\u00e9 \u00e0 Nouakchott son ambassadeur en poste \u00e0 Dakar pour d\u00e9samorcer la crise et permettre \u00e0 ces guin\u00e9ens de continuer leur chemin apr\u00e8s des semaines de calvaire.<\/p>\n<p>A cette occasion, l\u2019ambassadeur Mandjou Dioubat\u00e9 a profit\u00e9 pour relancer le d\u00e9bat sur une \u00e9ventuelle suppression de visa entre la Guin\u00e9e et la r\u00e9publique islamique de Mauritanie. Cela, au b\u00e9n\u00e9fice des citoyens de ces deux pays, tous situ\u00e9s en Afrique de l\u2019Ouest.<\/p>\n<p>Lors de son s\u00e9jour, le diplomate guin\u00e9en a \u00e9t\u00e9 re\u00e7u par le ministre mauritanien Affaires \u00e9trang\u00e8res et de la Coop\u00e9ration, a appris Africaguinee.com. Il a pos\u00e9 sur la table, le sujet relatif \u00e0 la suppression de visa. Une proposition que Mohamed Salem Ould Merzoug a appr\u00e9ci\u00e9e, a-t-on appris.<\/p>\n<p>\u00ab\u00a0<em>Cette semaine m\u00eame, le ministre mauritanien des affaires \u00e9trang\u00e8res sera \u00e0 Conakry. Ils (lui et le ministre guin\u00e9en des affaires \u00e9trang\u00e8res, Ndlr), vont discuter de \u00e7a et essayer de faire une convention d\u2019annulation de visa entre la Guin\u00e9e et la Mauritanie. Ils vont se retrouver entre ministres, pour essayer de d\u00e9cider quelque chose. En tout cas, nous on a pos\u00e9 le probl\u00e8me de l\u2019annulation. Les deux pr\u00e9sidents (guin\u00e9en et mauritanien) ont parl\u00e9 au t\u00e9l\u00e9phone (\u2026)<\/em>\u00ab\u00a0, a confi\u00e9 l\u2019ambassadeur Mandjou Dioubat\u00e9, \u00e0 un journaliste d\u2019Africaguinee.com ce lundi 24 f\u00e9vrier 2025.<\/p>\n<p><strong>Mise en place d\u2019un consulat de la Guin\u00e9e en Mauritanie\u2026<\/strong><\/p>\n<p>\u00ab\u00a0<em>Nous avons introduit cette requ\u00eate aussi. Et \u00e0 l\u2019issue de la visite du ministre mauritanien, nous serons situ\u00e9s\u2026\u00a0\u00bb,<\/em>\u00a0a ajout\u00e9 le diplomate Dioubat\u00e9.<\/p>\n<p>Africaguinee.com vous propose par ailleurs, la liste des pays avec lesquels la Mauritanie a sign\u00e9 un accord de suppression r\u00e9ciproque de visa, \u00e0 date :<\/p>\n<p><strong>Pays du Maghreb Arabe :<\/strong>\u00a0Maroc (suppression de visas sur les passeports diplomatiques et de service), Alg\u00e9rie, Tunisie, Libye.<\/p>\n<p><strong>Afrique de l\u2019Ouest :<\/strong>\u00a0\u00a0Mali, S\u00e9n\u00e9gal, Gambie, Niger, C\u00f4te d\u2019Ivoire, Tchad.<\/p>\n<p><strong>Moyen Orient :<\/strong>\u00a0Syrie (suppression de visas sur les passeports diplomatiques et de service), Y\u00e9men (accord de suppression de visas sur les passeports diplomatiques et de service), \u00c9mirats Arabes Unis (suppression de visas sur les passeports diplomatiques et de service).<\/p>\n<p><strong>Europe :<\/strong>\u00a0Espagne (Suppression de visa sur les passeports diplomatiques), Turquie (suppression de visa sur les passeports diplomatiques et de service).<\/p>\n<p><strong>Am\u00e9rique :<\/strong>\u00a0Br\u00e9sil (suppression de visa sur les passeports diplomatiques, de service et officiels).<\/p>\n<p>Asie : Chine (suppression de visa sur les passeports diplomatiques et de service), \u00a0Iran (suppression de visa sur les passeports diplomatiques et de service).<\/p>\n<p>Dossier \u00e0 suivre\u00a0!<\/p>\n<p><strong>Dansa Camara DC\u00a0<\/strong><\/p>\n<p><strong>Pour Africaguinee.com<\/strong><\/p>\n","protected":false},"excerpt":{"rendered":"<p>CONAKRY-Alors que de nombreux Guin\u00e9ens en situation de voyage ont des ennuis aux fronti\u00e8res mauritaniennes, une lueur d\u2019espoir se profile \u00e0 l\u2019horizon. Conakry a d\u00e9p\u00each\u00e9 \u00e0 Nouakchott son ambassadeur en poste \u00e0 Dakar pour d\u00e9samorcer la crise et permettre \u00e0 ces guin\u00e9ens de continuer leur chemin apr\u00e8s des semaines de calvaire. A cette occasion, l\u2019ambassadeur &hellip;<\/p>\n","protected":false},"author":2,"featured_media":14349,"comment_status":"open","ping_status":"open","sticky":false,"template":"","format":"standard","meta":{"footnotes":""},"categories":[18,29],"tags":[],"class_list":["post-14348","post","type-post","status-publish","format-standard","has-post-thumbnail","hentry","category-actualites","category-monde"],"_links":{"self":[{"href":"https:\/\/ladepeche.mr\/index.php?rest_route=\/wp\/v2\/posts\/14348","targetHints":{"allow":["GET"]}}],"collection":[{"href":"https:\/\/ladepeche.mr\/index.php?rest_route=\/wp\/v2\/posts"}],"about":[{"href":"https:\/\/ladepeche.mr\/index.php?rest_route=\/wp\/v2\/types\/post"}],"author":[{"embeddable":true,"href":"https:\/\/ladepeche.mr\/index.php?rest_route=\/wp\/v2\/users\/2"}],"replies":[{"embeddable":true,"href":"https:\/\/ladepeche.mr\/index.php?rest_route=%2Fwp%2Fv2%2Fcomments&post=14348"}],"version-history":[{"count":1,"href":"https:\/\/ladepeche.mr\/index.php?rest_route=\/wp\/v2\/posts\/14348\/revisions"}],"predecessor-version":[{"id":14350,"href":"https:\/\/ladepeche.mr\/index.php?rest_route=\/wp\/v2\/posts\/14348\/revisions\/14350"}],"wp:featuredmedia":[{"embeddable":true,"href":"https:\/\/ladepeche.mr\/index.php?rest_route=\/wp\/v2\/media\/14349"}],"wp:attachment":[{"href":"https:\/\/ladepeche.mr\/index.php?rest_route=%2Fwp%2Fv2%2Fmedia&parent=14348"}],"wp:term":[{"taxonomy":"category","embeddable":true,"href":"https:\/\/ladepeche.mr\/index.php?rest_route=%2Fwp%2Fv2%2Fcategories&post=14348"},{"taxonomy":"post_tag","embeddable":true,"href":"https:\/\/ladepeche.mr\/index.php?rest_route=%2Fwp%2Fv2%2Ftags&post=14348"}],"curies":[{"name":"wp","href":"https:\/\/api.w.org\/{rel}","templated":true}]}}