{"id":14364,"date":"2025-02-25T19:45:03","date_gmt":"2025-02-25T19:45:03","guid":{"rendered":"https:\/\/ladepeche.mr\/?p=14364"},"modified":"2025-02-25T19:09:09","modified_gmt":"2025-02-25T19:09:09","slug":"le-ministere-de-laction-sociale-lance-les-journees-de-concertation-sur-les-violences-faites-aux-femmes-et-aux-filles","status":"publish","type":"post","link":"https:\/\/ladepeche.mr\/?p=14364","title":{"rendered":"Le minist\u00e8re de l\u2019action sociale lance les journ\u00e9es de concertation sur les violences faites aux femmes et aux filles"},"content":{"rendered":"<p>Le minist\u00e8re de l\u2019action sociale, de l\u2019enfance et de la famille a lanc\u00e9 mardi \u00e0 Nouakchott les travaux des journ\u00e9es de concertation sur les violences faites aux femmes et aux filles.<\/p>\n<p>Ces trois journ\u00e9es visent \u00e0 \u00e9changer les points de vue sur les meilleurs moyens de mettre en place un syst\u00e8me global et efficace qui renforce la protection des femmes, des filles et de la famille et contribue \u00e0 la consolidation de l\u2019Etat de droit et de la justice sociale.<\/p>\n<p>En marge du lancement de ces journ\u00e9es, le secr\u00e9taire g\u00e9n\u00e9ral du minist\u00e8re de l\u2019Action sociale, de l\u2019Enfance et de la Famille, Hamoudi Ould Cheikhna Ali, a soulign\u00e9 que le d\u00e9partement a r\u00e9cemment lanc\u00e9 un programme de plaidoyer et de sensibilisation pour l\u2019\u00e9limination de toutes les formes de violence \u00e0 l\u2019\u00e9gard des femmes et des filles et a organis\u00e9 des caravanes dans plusieurs moughataas \u00e0 forte densit\u00e9 de population, ainsi que des campagnes de sensibilisation dans toutes les wilayas du pays<\/p>\n<p>Il a ajout\u00e9 que Son Excellence le Pr\u00e9sident de la R\u00e9publique, M. Mohamed Ould Cheikh El Ghazouani, s\u2019est engag\u00e9 dans son programme \u00ab mes ambitions pour la patrie \u00bb \u00e0 prot\u00e9ger et \u00e0 autonomiser les femmes, soulignant la mise en \u0153uvre des politiques et des programmes visant l\u2019\u00e9quit\u00e9 et la protection des femmes par le gouvernement sous la conduite du Premier ministre, Monsieur Moctar Ould Diay.<\/p>\n<p>La c\u00e9r\u00e9monie s\u2019est d\u00e9roul\u00e9e en pr\u00e9sence du secr\u00e9taire g\u00e9n\u00e9ral du minist\u00e8re de la justice, d\u2019experts juridiques et judiciaires, de leaders d\u2019opinion sp\u00e9cialis\u00e9s dans le domaine de la protection des femmes et d\u2019organisations de la soci\u00e9t\u00e9 civile.<\/p>\n<p>Ami<\/p>\n","protected":false},"excerpt":{"rendered":"<p>Le minist\u00e8re de l\u2019action sociale, de l\u2019enfance et de la famille a lanc\u00e9 mardi \u00e0 Nouakchott les travaux des journ\u00e9es de concertation sur les violences faites aux femmes et aux filles. Ces trois journ\u00e9es visent \u00e0 \u00e9changer les points de vue sur les meilleurs moyens de mettre en place un syst\u00e8me global et efficace qui &hellip;<\/p>\n","protected":false},"author":2,"featured_media":14365,"comment_status":"open","ping_status":"open","sticky":false,"template":"","format":"standard","meta":{"footnotes":""},"categories":[18],"tags":[],"class_list":["post-14364","post","type-post","status-publish","format-standard","has-post-thumbnail","hentry","category-actualites"],"_links":{"self":[{"href":"https:\/\/ladepeche.mr\/index.php?rest_route=\/wp\/v2\/posts\/14364","targetHints":{"allow":["GET"]}}],"collection":[{"href":"https:\/\/ladepeche.mr\/index.php?rest_route=\/wp\/v2\/posts"}],"about":[{"href":"https:\/\/ladepeche.mr\/index.php?rest_route=\/wp\/v2\/types\/post"}],"author":[{"embeddable":true,"href":"https:\/\/ladepeche.mr\/index.php?rest_route=\/wp\/v2\/users\/2"}],"replies":[{"embeddable":true,"href":"https:\/\/ladepeche.mr\/index.php?rest_route=%2Fwp%2Fv2%2Fcomments&post=14364"}],"version-history":[{"count":1,"href":"https:\/\/ladepeche.mr\/index.php?rest_route=\/wp\/v2\/posts\/14364\/revisions"}],"predecessor-version":[{"id":14366,"href":"https:\/\/ladepeche.mr\/index.php?rest_route=\/wp\/v2\/posts\/14364\/revisions\/14366"}],"wp:featuredmedia":[{"embeddable":true,"href":"https:\/\/ladepeche.mr\/index.php?rest_route=\/wp\/v2\/media\/14365"}],"wp:attachment":[{"href":"https:\/\/ladepeche.mr\/index.php?rest_route=%2Fwp%2Fv2%2Fmedia&parent=14364"}],"wp:term":[{"taxonomy":"category","embeddable":true,"href":"https:\/\/ladepeche.mr\/index.php?rest_route=%2Fwp%2Fv2%2Fcategories&post=14364"},{"taxonomy":"post_tag","embeddable":true,"href":"https:\/\/ladepeche.mr\/index.php?rest_route=%2Fwp%2Fv2%2Ftags&post=14364"}],"curies":[{"name":"wp","href":"https:\/\/api.w.org\/{rel}","templated":true}]}}