{"id":14375,"date":"2025-02-25T20:21:33","date_gmt":"2025-02-25T20:21:33","guid":{"rendered":"https:\/\/ladepeche.mr\/?p=14375"},"modified":"2025-02-25T20:21:33","modified_gmt":"2025-02-25T20:21:33","slug":"renforcement-des-capacites-des-institutions-de-microfinance-engagement-fort-de-la-banque-centrale-de-mauritanie","status":"publish","type":"post","link":"https:\/\/ladepeche.mr\/?p=14375","title":{"rendered":"Renforcement des capacit\u00e9s des institutions de microfinance : engagement fort de la Banque Centrale de Mauritanie"},"content":{"rendered":"<p>Dans le cadre de son engagement \u00e0 d\u00e9velopper le secteur financier et \u00e0 mettre en \u0153uvre la Strat\u00e9gie Nationale d\u2019Inclusion Financi\u00e8re (SNIF 2023-2028), la Banque Centrale de Mauritanie (BCM), en collaboration avec la Soci\u00e9t\u00e9 Financi\u00e8re Internationale (SFI), a lanc\u00e9 un programme de renforcement des capacit\u00e9s des institutions de microfinance (FMI).<br \/>\nLa premi\u00e8re session de ce programme s\u2019est tenue du 3 au 7 f\u00e9vrier 2025 au si\u00e8ge de la Banque Centrale de Mauritanie. Ce programme vise \u00e0 renforcer l\u2019efficacit\u00e9 des travailleurs du secteur, \u00e0 am\u00e9liorer la gestion des institutions de microfinance et \u00e0 accro\u00eetre leur performance op\u00e9rationnelle. Il combine \u00e9galement une formation intensive, un mentorat et un mentorat pour assurer un impact durable.<br \/>\nLes principaux th\u00e8mes abord\u00e9s lors de cette premi\u00e8re session :<\/p>\n<p>Assurer le fonctionnement des institutions de microfinance (AFM) \u2013 Gestion de la performance pour am\u00e9liorer l\u2019efficacit\u00e9 (formation de l\u2019OIT)<br \/>\nPlanification strat\u00e9gique<br \/>\nGouvernement d\u2019entreprise<br \/>\nAnalyse financi\u00e8re<br \/>\nAudit interne<br \/>\nGestion du risque<br \/>\nM\u00e9thodologie et analyse du cr\u00e9dit<br \/>\nIntroduction aux services financiers num\u00e9riques (SFN)<br \/>\nIntroduction \u00e0 la finance responsable<br \/>\nUn engagement continu en faveur de l\u2019inclusion financi\u00e8re<br \/>\nA travers cette initiative, la Banque Centrale de Mauritanie renouvelle son engagement \u00e0 d\u00e9velopper le secteur de la microfinance et \u00e0 renforcer son r\u00f4le cl\u00e9 en mati\u00e8re d\u2019inclusion financi\u00e8re. Ce programme vise \u00e0 renforcer la r\u00e9silience des institutions de microfinance et \u00e0 les aider \u00e0 r\u00e9pondre aux besoins des groupes vuln\u00e9rables, en particulier les entrepreneurs, les femmes et les populations des zones recul\u00e9es.<br \/>\nLa Banque Centrale de Mauritanie poursuivra ses efforts pour soutenir la modernisation et le d\u00e9veloppement du secteur financier \u00e0 travers des mesures structurelles et des initiatives innovantes pour promouvoir la stabilit\u00e9, la durabilit\u00e9 et l\u2019acc\u00e8s aux services financiers pour tous.<br \/>\nSource: Banque Centrale de Mauritanie, F\u00e9vrier 2025<\/p>\n","protected":false},"excerpt":{"rendered":"<p>Dans le cadre de son engagement \u00e0 d\u00e9velopper le secteur financier et \u00e0 mettre en \u0153uvre la Strat\u00e9gie Nationale d\u2019Inclusion Financi\u00e8re (SNIF 2023-2028), la Banque Centrale de Mauritanie (BCM), en collaboration avec la Soci\u00e9t\u00e9 Financi\u00e8re Internationale (SFI), a lanc\u00e9 un programme de renforcement des capacit\u00e9s des institutions de microfinance (FMI). La premi\u00e8re session de ce &hellip;<\/p>\n","protected":false},"author":2,"featured_media":14376,"comment_status":"open","ping_status":"open","sticky":false,"template":"","format":"standard","meta":{"footnotes":""},"categories":[18,2],"tags":[],"class_list":["post-14375","post","type-post","status-publish","format-standard","has-post-thumbnail","hentry","category-actualites","category-economie"],"_links":{"self":[{"href":"https:\/\/ladepeche.mr\/index.php?rest_route=\/wp\/v2\/posts\/14375","targetHints":{"allow":["GET"]}}],"collection":[{"href":"https:\/\/ladepeche.mr\/index.php?rest_route=\/wp\/v2\/posts"}],"about":[{"href":"https:\/\/ladepeche.mr\/index.php?rest_route=\/wp\/v2\/types\/post"}],"author":[{"embeddable":true,"href":"https:\/\/ladepeche.mr\/index.php?rest_route=\/wp\/v2\/users\/2"}],"replies":[{"embeddable":true,"href":"https:\/\/ladepeche.mr\/index.php?rest_route=%2Fwp%2Fv2%2Fcomments&post=14375"}],"version-history":[{"count":1,"href":"https:\/\/ladepeche.mr\/index.php?rest_route=\/wp\/v2\/posts\/14375\/revisions"}],"predecessor-version":[{"id":14377,"href":"https:\/\/ladepeche.mr\/index.php?rest_route=\/wp\/v2\/posts\/14375\/revisions\/14377"}],"wp:featuredmedia":[{"embeddable":true,"href":"https:\/\/ladepeche.mr\/index.php?rest_route=\/wp\/v2\/media\/14376"}],"wp:attachment":[{"href":"https:\/\/ladepeche.mr\/index.php?rest_route=%2Fwp%2Fv2%2Fmedia&parent=14375"}],"wp:term":[{"taxonomy":"category","embeddable":true,"href":"https:\/\/ladepeche.mr\/index.php?rest_route=%2Fwp%2Fv2%2Fcategories&post=14375"},{"taxonomy":"post_tag","embeddable":true,"href":"https:\/\/ladepeche.mr\/index.php?rest_route=%2Fwp%2Fv2%2Ftags&post=14375"}],"curies":[{"name":"wp","href":"https:\/\/api.w.org\/{rel}","templated":true}]}}