{"id":14380,"date":"2025-02-26T15:04:57","date_gmt":"2025-02-26T15:04:57","guid":{"rendered":"https:\/\/ladepeche.mr\/?p=14380"},"modified":"2025-02-26T15:04:57","modified_gmt":"2025-02-26T15:04:57","slug":"lancement-de-la-fifa-talents-academy-en-mauritanie-et-debut-des-travaux-dagrandissement-du-stade-cheikha-ould-boidiya","status":"publish","type":"post","link":"https:\/\/ladepeche.mr\/?p=14380","title":{"rendered":"Lancement de la FIFA Talents Academy en Mauritanie et d\u00e9but des travaux d\u2019agrandissement du stade Cheikha Ould Bo\u00efdiya"},"content":{"rendered":"<article id=\"post-265964\" class=\"post-265964 post type-post status-publish format-standard has-post-thumbnail  category-a-la-une category-fil-dactualite category-mauritanie single-post-content has-thumbnail\">\n<div class=\"entry-content clearfix single-post-content\">\n<p>Le ministre de l\u2019autonomisation de la Jeunesse, de l\u2019Emploi, des Sports et du Service civique, M. Mohamed Abdallahi Ould Louly, a pr\u00e9sid\u00e9 mardi soir le lancement de l\u2019Acad\u00e9mie des Talents de la FIFA en Mauritanie et le d\u00e9marrage officiel des travaux d\u2019agrandissement du stade Cheikha Ould Bo\u00efdiya, en pr\u00e9sence du ministre d\u00e9l\u00e9gu\u00e9 aupr\u00e8s du ministre de l\u2019\u00e9conomie et des finances charg\u00e9 du budget, Monsieur Codioro N\u2019guenor Moussa, du pr\u00e9sident de la F\u00e9d\u00e9ration mauritanienne de football (FFRIM), Ahmed Ould Yahya, de personnalit\u00e9s de la FIFA, de la CAF et des pr\u00e9sidents de plusieurs f\u00e9d\u00e9rations africaines de football.<\/p>\n<p>La FIFA Talent Academy en Mauritanie est la premi\u00e8re d\u2019une s\u00e9rie de structures similaires que la FIFA a l\u2019intention de lancer en Afrique. Elle reconna\u00eet les progr\u00e8s r\u00e9alis\u00e9s par la F\u00e9d\u00e9ration mauritanienne de football et son engagement en faveur des plus hauts standards du football.<\/p>\n<p>Comme toutes les acad\u00e9mies reconnues par la FIFA, la Talents Academy de Mauritanie a pour objectif de d\u00e9velopper de jeunes talents, de servir de mod\u00e8le \u00e0 la FIFA, de cr\u00e9er un \u00e9cosyst\u00e8me footballistique durable, de structurer un parcours de d\u00e9veloppement des talents \u00e0 long terme et de promouvoir le d\u00e9veloppement social des juniors et des jeunes.<\/p>\n<p>Parall\u00e8lement au lancement de la Talents Academy en Mauritanie, la premi\u00e8re pierre a \u00e9t\u00e9 pos\u00e9e pour l\u2019agrandissement et la r\u00e9novation du stade Cheikha Ould Bo\u00efdiya, doublant sa capacit\u00e9 de 8.000 \u00e0 16.000 places, notant que ce projet fait partie des efforts du gouvernement pour cr\u00e9er une infrastructure sportive moderne qui am\u00e9liore les performances des \u00e9quipes nationales et des clubs et fournit un environnement appropri\u00e9 pour que les jeunes d\u00e9veloppent leurs comp\u00e9tences et leurs talents.<\/p>\n<p>Lors de la c\u00e9r\u00e9monie officielle de ces deux importants \u00e9v\u00e9nements, le ministre de l\u2019Autonomisation de la jeunesse, de l\u2019Emploi, des Sports et du Service civique a soulign\u00e9 que le secteur sportif occupe une place de choix dans le programme du Pr\u00e9sident de la R\u00e9publique, Monsieur Mohamed Ould Cheikh El Ghazouani, notant que Son Excellence a ordonn\u00e9 l\u2019investissement dans les infrastructures sportives, notamment les stades, les ar\u00e8nes et les espaces sportifs, pour lesquels le gouvernement du Premier ministre travaille \u00e0 la r\u00e9alisation des projets dans les d\u00e9lais impartis et dans le strict respect des normes techniques impos\u00e9es.<\/p>\n<p><img loading=\"lazy\" decoding=\"async\" class=\"wp-image-265967 alignleft b-loaded\" src=\"https:\/\/ami.mr\/fr\/wp-content\/uploads\/2025\/02\/M-E-J-S-20-200x300.jpg\" sizes=\"auto, (max-width: 127px) 100vw, 127px\" srcset=\"https:\/\/ami.mr\/fr\/wp-content\/uploads\/2025\/02\/M-E-J-S-20-200x300.jpg 200w, https:\/\/ami.mr\/fr\/wp-content\/uploads\/2025\/02\/M-E-J-S-20-683x1024.jpg 683w, https:\/\/ami.mr\/fr\/wp-content\/uploads\/2025\/02\/M-E-J-S-20-768x1152.jpg 768w, https:\/\/ami.mr\/fr\/wp-content\/uploads\/2025\/02\/M-E-J-S-20-1024x1536.jpg 1024w, https:\/\/ami.mr\/fr\/wp-content\/uploads\/2025\/02\/M-E-J-S-20-1365x2048.jpg 1365w, https:\/\/ami.mr\/fr\/wp-content\/uploads\/2025\/02\/M-E-J-S-20-scaled.jpg 1706w\" alt=\"\" width=\"127\" height=\"191\" \/>Le ministre a ajout\u00e9 que la FIFA est un partenaire strat\u00e9gique et un acteur cl\u00e9 dans le d\u00e9veloppement du football, et la s\u00e9lection de l\u2019Acad\u00e9mie FFRIM comme premi\u00e8re Acad\u00e9mie des Talents de la FIFA en Afrique est un grand honneur pour la Mauritanie, soulignant que notre pays est fier que cette Acad\u00e9mie devienne un mod\u00e8le d\u2019excellence dans la r\u00e9gion.<\/p>\n<p>Pour sa part, le pr\u00e9sident de la F\u00e9d\u00e9ration Mauritanienne de Football a exprim\u00e9 ses sinc\u00e8res remerciements et sa gratitude \u00e0 la FIFA pour son soutien et son financement des deux projets, louant ce partenariat distingu\u00e9 qui refl\u00e8te la qualit\u00e9 des relations entre la F\u00e9d\u00e9ration Mauritanienne de Football et la FIFA.<\/p>\n<p>Le pr\u00e9sident de la FIFA, M. Gianni Infantino, a indiqu\u00e9 dans une allocution vid\u00e9o qu\u2019\u00e0 partir d\u2019aujourd\u2019hui, la Mauritanie sera le th\u00e9\u00e2tre d\u2019un grand \u00e9v\u00e9nement pour le football africain et mondial, qui cr\u00e9era de r\u00e9elles opportunit\u00e9s pour les jeunes talents mauritaniens et africains et pour les joueurs juniors, ainsi qu\u2019une occasion de cultiver les talents mauritaniens.<\/p>\n<p>M. Infantino a ajout\u00e9 que le football se d\u00e9veloppe et grandit de jour en jour en Mauritanie et que l\u2019ouverture de la FIFA Talents Academy \u00e0 Nouakchott sera une opportunit\u00e9 tr\u00e8s importante pour tous les jeunes talents de ce pays, notant que le lancement de ce programme il y a trois ans visait \u00e0 donner \u00e0 chaque personne talentueuse l\u2019opportunit\u00e9 de tirer le meilleur parti de son potentiel.<\/p>\n<p>De son cot\u00e9, Stephen Martins, directeur du d\u00e9veloppement du football mondial de la FIFA, s\u2019est dit impressionn\u00e9 par les r\u00e9alisations du football mauritanien et a estim\u00e9 que le lancement d\u2019une Acad\u00e9mie des Talents de la FIFA en Afrique constituait un grand pas en avant pour le continent.<\/p>\n<p>Il a ajout\u00e9 que le Programme de d\u00e9veloppement des talents (TDS) permettra aux jeunes talents d\u2019\u00eatre s\u00e9lectionn\u00e9s, form\u00e9s et d\u2019avoir l\u2019opportunit\u00e9 de jouer au plus haut niveau local, tandis que les organes techniques de la FIFA dans la r\u00e9gion assureront la formation continue des entra\u00eeneurs locaux.<\/p>\n<p>Pour sa part, M. Salman Sassi, entra\u00eeneur des talents de la FIFA, a d\u00e9clar\u00e9 que le r\u00f4le de l\u2019Acad\u00e9mie est de contribuer activement au d\u00e9veloppement des jeunes talents, d\u2019affiner les talents des joueurs et des joueuses et de qualifier et d\u2019encadrer le personnel technique, les pr\u00e9parateurs physiques, le personnel d\u2019analyse technique sportive, les nutritionnistes et les diff\u00e9rents administrateurs et cadres techniques li\u00e9s au sport du football.<\/p>\n<p>M. Kebir Alaoui, repr\u00e9sentant de l\u2019UNICEF en Mauritanie, a soulign\u00e9 que ce projet ambitieux est un grand d\u00e9fi pour atteindre les objectifs des adolescents en Mauritanie, soulignant que le football est devenu une partie int\u00e9grante des droits de l\u2019enfant tels qu\u2019exprim\u00e9s par les lois internationales parce que ce jeu contribue au d\u00e9veloppement des pays et cr\u00e9e des incitations, des d\u00e9fis et des objectifs qui sont devenus une partie essentielle de la composition du football.<\/p>\n<p>La c\u00e9r\u00e9monie d\u2019ouverture s\u2019est d\u00e9roul\u00e9e en pr\u00e9sence du wali de Nouakchott Ouest, du hakem de la moughataa du Ksar et de repr\u00e9sentants du corps diplomatique accr\u00e9dit\u00e9 en Mauritanie.<\/p>\n<p><img loading=\"lazy\" decoding=\"async\" class=\"alignnone wp-image-265966 b-loaded\" src=\"https:\/\/ami.mr\/fr\/wp-content\/uploads\/2025\/02\/M-E-J-S-10-300x200.jpg\" sizes=\"auto, (max-width: 881px) 100vw, 881px\" srcset=\"https:\/\/ami.mr\/fr\/wp-content\/uploads\/2025\/02\/M-E-J-S-10-300x200.jpg 300w, https:\/\/ami.mr\/fr\/wp-content\/uploads\/2025\/02\/M-E-J-S-10-1024x683.jpg 1024w, https:\/\/ami.mr\/fr\/wp-content\/uploads\/2025\/02\/M-E-J-S-10-768x512.jpg 768w, https:\/\/ami.mr\/fr\/wp-content\/uploads\/2025\/02\/M-E-J-S-10-1536x1024.jpg 1536w, https:\/\/ami.mr\/fr\/wp-content\/uploads\/2025\/02\/M-E-J-S-10-2048x1365.jpg 2048w\" alt=\"\" width=\"881\" height=\"587\" \/><\/p>\n<div class=\"heateorSssClear\"><\/div>\n<div class=\"heateor_sss_sharing_container heateor_sss_horizontal_sharing\" data-heateor-sss-href=\"https:\/\/ami.mr\/fr\/archives\/265964\">\n<div class=\"heateor_sss_sharing_title\"><\/div>\n<div class=\"heateor_sss_sharing_ul\"><\/div>\n<div class=\"heateorSssClear\"><\/div>\n<\/div>\n<div class=\"heateorSssClear\"><\/div>\n<\/div>\n<\/article>\n<section class=\"next-prev-post clearfix\">\n<div class=\"prev-post\">\n<p class=\"pre-title heading-typo\">Ami<\/p>\n<\/div>\n<\/section>\n","protected":false},"excerpt":{"rendered":"<p>Le ministre de l\u2019autonomisation de la Jeunesse, de l\u2019Emploi, des Sports et du Service civique, M. Mohamed Abdallahi Ould Louly, a pr\u00e9sid\u00e9 mardi soir le lancement de l\u2019Acad\u00e9mie des Talents de la FIFA en Mauritanie et le d\u00e9marrage officiel des travaux d\u2019agrandissement du stade Cheikha Ould Bo\u00efdiya, en pr\u00e9sence du ministre d\u00e9l\u00e9gu\u00e9 aupr\u00e8s du ministre &hellip;<\/p>\n","protected":false},"author":2,"featured_media":14381,"comment_status":"open","ping_status":"open","sticky":false,"template":"","format":"standard","meta":{"footnotes":""},"categories":[18,17],"tags":[],"class_list":["post-14380","post","type-post","status-publish","format-standard","has-post-thumbnail","hentry","category-actualites","category-sports"],"_links":{"self":[{"href":"https:\/\/ladepeche.mr\/index.php?rest_route=\/wp\/v2\/posts\/14380","targetHints":{"allow":["GET"]}}],"collection":[{"href":"https:\/\/ladepeche.mr\/index.php?rest_route=\/wp\/v2\/posts"}],"about":[{"href":"https:\/\/ladepeche.mr\/index.php?rest_route=\/wp\/v2\/types\/post"}],"author":[{"embeddable":true,"href":"https:\/\/ladepeche.mr\/index.php?rest_route=\/wp\/v2\/users\/2"}],"replies":[{"embeddable":true,"href":"https:\/\/ladepeche.mr\/index.php?rest_route=%2Fwp%2Fv2%2Fcomments&post=14380"}],"version-history":[{"count":1,"href":"https:\/\/ladepeche.mr\/index.php?rest_route=\/wp\/v2\/posts\/14380\/revisions"}],"predecessor-version":[{"id":14382,"href":"https:\/\/ladepeche.mr\/index.php?rest_route=\/wp\/v2\/posts\/14380\/revisions\/14382"}],"wp:featuredmedia":[{"embeddable":true,"href":"https:\/\/ladepeche.mr\/index.php?rest_route=\/wp\/v2\/media\/14381"}],"wp:attachment":[{"href":"https:\/\/ladepeche.mr\/index.php?rest_route=%2Fwp%2Fv2%2Fmedia&parent=14380"}],"wp:term":[{"taxonomy":"category","embeddable":true,"href":"https:\/\/ladepeche.mr\/index.php?rest_route=%2Fwp%2Fv2%2Fcategories&post=14380"},{"taxonomy":"post_tag","embeddable":true,"href":"https:\/\/ladepeche.mr\/index.php?rest_route=%2Fwp%2Fv2%2Ftags&post=14380"}],"curies":[{"name":"wp","href":"https:\/\/api.w.org\/{rel}","templated":true}]}}