{"id":14383,"date":"2025-02-26T16:24:37","date_gmt":"2025-02-26T16:24:37","guid":{"rendered":"https:\/\/ladepeche.mr\/?p=14383"},"modified":"2025-02-26T16:24:37","modified_gmt":"2025-02-26T16:24:37","slug":"lancement-de-la-semaine-regionale-sur-le-climat-la-paix-et-la-securite","status":"publish","type":"post","link":"https:\/\/ladepeche.mr\/?p=14383","title":{"rendered":"Lancement de la semaine r\u00e9gionale sur le climat, la paix et la s\u00e9curit\u00e9"},"content":{"rendered":"<p>La ministre de l\u2019environnement et du d\u00e9veloppement durable, Mme Massouda Mint Baham Ould Mohamed Laghdhaf, a supervis\u00e9, lundi, \u00e0 Nouakchott, le lancement de la semaine r\u00e9gionale sur le climat, la paix et la s\u00e9curit\u00e9, organis\u00e9e par notre pays en coop\u00e9ration avec le Programme des Nations Unies pour le d\u00e9veloppement (PNUD), sous le th\u00e8me \u00ab Semaine r\u00e9gionale\u2026 Solutions et aspirations pour le Sahel \u00bb.<\/p>\n<p>Dans un discours prononc\u00e9 \u00e0 cette occasion, la ministre de l\u2019Environnement et du D\u00e9veloppement durable a d\u00e9clar\u00e9 que la tenue de cette importante r\u00e9union r\u00e9gionale \u00e0 Nouakchott t\u00e9moigne du grand int\u00e9r\u00eat et de l\u2019engagement de la Mauritanie dans la lutte contre le changement climatique.<\/p>\n<p>Elle a ajout\u00e9 que le changement climatique ne conna\u00eet pas de fronti\u00e8res, ce qui conf\u00e8re \u00e0 cette semaine r\u00e9gionale sur la s\u00e9curit\u00e9 climatique une importance strat\u00e9gique particuli\u00e8re pour les pays de notre continent africain, et de la r\u00e9gion du Sahel en particulier, car ils partagent la m\u00eame d\u00e9termination \u00e0 renforcer leur r\u00e9silience face \u00e0 l\u2019augmentation des risques environnementaux.<\/p>\n<p>Il est temps de traduire la volont\u00e9 politique de transformer la politique nationale de lutte contre le changement climatique en actions concr\u00e8tes et bien coordonn\u00e9es, afin que nous puissions, dans un esprit collectif et une approche efficace, relever les d\u00e9fis climatiques urgents qui s\u2019imposent \u00e0 nous tous.<\/p>\n<p>Elle a ajout\u00e9 que le changement climatique perturbe les situations s\u00e9curitaires dans le monde entier, en particulier dans la r\u00e9gion de l\u2019Afrique de l\u2019Ouest et du Sahel, qui subit des impacts climatiques qui s\u2019acc\u00e9l\u00e8rent \u00e0 un rythme plus \u00e9lev\u00e9 que la moyenne mondiale, entra\u00eenant des conflits permanents, souvent sous la forme de crises humanitaires complexes.<\/p>\n<p>En Mauritanie, sous la conduite \u00e9clair\u00e9e de Son Excellence le Pr\u00e9sident de la R\u00e9publique, M. Mohamed Ould Cheikh El Ghazouani, le gouvernement, dirig\u00e9 par S.E le Premier ministre, M. El Moctar Ould Djay, s\u2019est engag\u00e9 \u00e0 organiser une r\u00e9ponse forte bas\u00e9e sur des leviers strat\u00e9giques, juridiques, techniques et financiers solides.<\/p>\n<p>Les mesures d\u2019adaptation au changement climatique, les objectifs d\u2019att\u00e9nuation accompagn\u00e9s de plans d\u2019action int\u00e9gr\u00e9s et les projets et programmes en cours refl\u00e8tent cet engagement ferme face aux d\u00e9fis climatiques et \u00e0 leurs cons\u00e9quences, a-t-elle ajout\u00e9.<\/p>\n<p>La ministre a soulign\u00e9 que la responsabilit\u00e9 collective exige que chaque r\u00e9gion soit pr\u00e9par\u00e9e \u00e0 faire face aux risques li\u00e9s \u00e0 la s\u00e9curit\u00e9 climatique et leur permette de saisir les opportunit\u00e9s offertes par les transformations vertes pour renforcer leur r\u00e9silience, appelant \u00e0 ce que cette semaine repr\u00e9sente un tournant d\u00e9cisif vers l\u2019adoption d\u2019actions coordonn\u00e9es et efficaces dans le domaine de la s\u00e9curit\u00e9 climatique, l\u2019\u00e9change d\u2019id\u00e9es, le partage d\u2019exp\u00e9riences et le d\u00e9veloppement de solutions innovantes qui nous permettent d\u2019apporter une r\u00e9ponse forte \u00e0 la hauteur des d\u00e9fis climatiques actuels.<\/p>\n<p>Ami<\/p>\n","protected":false},"excerpt":{"rendered":"<p>La ministre de l\u2019environnement et du d\u00e9veloppement durable, Mme Massouda Mint Baham Ould Mohamed Laghdhaf, a supervis\u00e9, lundi, \u00e0 Nouakchott, le lancement de la semaine r\u00e9gionale sur le climat, la paix et la s\u00e9curit\u00e9, organis\u00e9e par notre pays en coop\u00e9ration avec le Programme des Nations Unies pour le d\u00e9veloppement (PNUD), sous le th\u00e8me \u00ab Semaine &hellip;<\/p>\n","protected":false},"author":2,"featured_media":14384,"comment_status":"open","ping_status":"open","sticky":false,"template":"","format":"standard","meta":{"footnotes":""},"categories":[18,21],"tags":[],"class_list":["post-14383","post","type-post","status-publish","format-standard","has-post-thumbnail","hentry","category-actualites","category-fluctuations"],"_links":{"self":[{"href":"https:\/\/ladepeche.mr\/index.php?rest_route=\/wp\/v2\/posts\/14383","targetHints":{"allow":["GET"]}}],"collection":[{"href":"https:\/\/ladepeche.mr\/index.php?rest_route=\/wp\/v2\/posts"}],"about":[{"href":"https:\/\/ladepeche.mr\/index.php?rest_route=\/wp\/v2\/types\/post"}],"author":[{"embeddable":true,"href":"https:\/\/ladepeche.mr\/index.php?rest_route=\/wp\/v2\/users\/2"}],"replies":[{"embeddable":true,"href":"https:\/\/ladepeche.mr\/index.php?rest_route=%2Fwp%2Fv2%2Fcomments&post=14383"}],"version-history":[{"count":1,"href":"https:\/\/ladepeche.mr\/index.php?rest_route=\/wp\/v2\/posts\/14383\/revisions"}],"predecessor-version":[{"id":14385,"href":"https:\/\/ladepeche.mr\/index.php?rest_route=\/wp\/v2\/posts\/14383\/revisions\/14385"}],"wp:featuredmedia":[{"embeddable":true,"href":"https:\/\/ladepeche.mr\/index.php?rest_route=\/wp\/v2\/media\/14384"}],"wp:attachment":[{"href":"https:\/\/ladepeche.mr\/index.php?rest_route=%2Fwp%2Fv2%2Fmedia&parent=14383"}],"wp:term":[{"taxonomy":"category","embeddable":true,"href":"https:\/\/ladepeche.mr\/index.php?rest_route=%2Fwp%2Fv2%2Fcategories&post=14383"},{"taxonomy":"post_tag","embeddable":true,"href":"https:\/\/ladepeche.mr\/index.php?rest_route=%2Fwp%2Fv2%2Ftags&post=14383"}],"curies":[{"name":"wp","href":"https:\/\/api.w.org\/{rel}","templated":true}]}}