{"id":14389,"date":"2025-02-27T09:00:08","date_gmt":"2025-02-27T09:00:08","guid":{"rendered":"https:\/\/ladepeche.mr\/?p=14389"},"modified":"2025-02-27T08:12:56","modified_gmt":"2025-02-27T08:12:56","slug":"netanyahou-se-fache-tout-rouge-contre-ses-juges-lors-de-son-proces-pour-corruption","status":"publish","type":"post","link":"https:\/\/ladepeche.mr\/?p=14389","title":{"rendered":"Netanyahou se f\u00e2che tout rouge contre ses juges lors de son proc\u00e8s pour corruption"},"content":{"rendered":"<p>Une spectaculaire sc\u00e8ne de col\u00e8re a marqu\u00e9 l\u2019audience de ce mercredi 26 f\u00e9vrier du proc\u00e8s qui se d\u00e9roule au tribunal de premi\u00e8re instance de Tel-Aviv, o\u00f9 le premier ministre isra\u00e9lien Benjamin Netanyahou a \u00e9lev\u00e9 la voix lors de son interrogatoire \u00a0consacr\u00e9 aux affaires de corruption (connues en Isra\u00ebl sous les noms de \u00ab\u00a0dossiers 1000, 2000 et 4000\u00a0\u00bb), s\u2019exclamant : \u00ab\u00a0Ce n\u2019est pas l\u2019\u00c9tat de droit, c\u2019est un montage, c\u2019est \u00e9vident, vous ne m\u2019emp\u00eacherez pas de dire que les t\u00e9moins ont \u00e9t\u00e9 extorqu\u00e9s et que de faux t\u00e9moignages ont \u00e9t\u00e9 obtenus. Il n\u2019y a pas d\u2019\u00c9tat de droit ici.\u00a0\u00bb La procureure Yehudit Tirosh a affirm\u00e9 que Netanyahou aurait m\u00eame marmonn\u00e9 \u00ab\u00a0\u00c9tat du lavement\u00a0\u00bb, un jeu de mots offensant en h\u00e9breu. \u00ab\u00a0C\u2019est ce qu\u2019il a dit ? \u00c9tat du lavement ? J\u2019esp\u00e8re que c\u2019est inscrit au proc\u00e8s-verbal\u00a0\u00bb, a-t-elle r\u00e9agi.<\/p>\n<p>En d\u00e9but d\u2019audience, relate I24Nesw, Netanyahou a demand\u00e9 une minute de silence pour marquer les fun\u00e9railles de la famille Bibas. Les juges ont refus\u00e9 d\u2019interrompre le proc\u00e8s pour permettre de suivre ces obs\u00e8ques. La juge Friedman-Feldman a r\u00e9pondu s\u00e8chement : \u00ab Je pense que nous nous souvenons tous contre qui nous nous battons et contre quoi nous nous battons, pour l\u2019instant nous continuons. \u00bb<\/p>\n<p><a href=\"https:\/\/www.msn.com\/fr-xl\/afrique-du-nord\/other\/netanyahou-se-f%C3%A2che-tout-rouge-contre-ses-juges-lors-de-son-proc%C3%A8s-pour-corruption\/ar-AA1zPMIN?ocid=msedgntp&amp;pc=U531&amp;cvid=fad1e59105c3421283b8016f7cd02dd4&amp;ei=31\">Netanyahou se f\u00e2che tout rouge contre ses juges lors de son proc\u00e8s pour corruption<\/a><\/p>\n","protected":false},"excerpt":{"rendered":"<p>Une spectaculaire sc\u00e8ne de col\u00e8re a marqu\u00e9 l\u2019audience de ce mercredi 26 f\u00e9vrier du proc\u00e8s qui se d\u00e9roule au tribunal de premi\u00e8re instance de Tel-Aviv, o\u00f9 le premier ministre isra\u00e9lien Benjamin Netanyahou a \u00e9lev\u00e9 la voix lors de son interrogatoire \u00a0consacr\u00e9 aux affaires de corruption (connues en Isra\u00ebl sous les noms de \u00ab\u00a0dossiers 1000, 2000 &hellip;<\/p>\n","protected":false},"author":2,"featured_media":14390,"comment_status":"open","ping_status":"open","sticky":false,"template":"","format":"standard","meta":{"footnotes":""},"categories":[18,29],"tags":[],"class_list":["post-14389","post","type-post","status-publish","format-standard","has-post-thumbnail","hentry","category-actualites","category-monde"],"_links":{"self":[{"href":"https:\/\/ladepeche.mr\/index.php?rest_route=\/wp\/v2\/posts\/14389","targetHints":{"allow":["GET"]}}],"collection":[{"href":"https:\/\/ladepeche.mr\/index.php?rest_route=\/wp\/v2\/posts"}],"about":[{"href":"https:\/\/ladepeche.mr\/index.php?rest_route=\/wp\/v2\/types\/post"}],"author":[{"embeddable":true,"href":"https:\/\/ladepeche.mr\/index.php?rest_route=\/wp\/v2\/users\/2"}],"replies":[{"embeddable":true,"href":"https:\/\/ladepeche.mr\/index.php?rest_route=%2Fwp%2Fv2%2Fcomments&post=14389"}],"version-history":[{"count":1,"href":"https:\/\/ladepeche.mr\/index.php?rest_route=\/wp\/v2\/posts\/14389\/revisions"}],"predecessor-version":[{"id":14391,"href":"https:\/\/ladepeche.mr\/index.php?rest_route=\/wp\/v2\/posts\/14389\/revisions\/14391"}],"wp:featuredmedia":[{"embeddable":true,"href":"https:\/\/ladepeche.mr\/index.php?rest_route=\/wp\/v2\/media\/14390"}],"wp:attachment":[{"href":"https:\/\/ladepeche.mr\/index.php?rest_route=%2Fwp%2Fv2%2Fmedia&parent=14389"}],"wp:term":[{"taxonomy":"category","embeddable":true,"href":"https:\/\/ladepeche.mr\/index.php?rest_route=%2Fwp%2Fv2%2Fcategories&post=14389"},{"taxonomy":"post_tag","embeddable":true,"href":"https:\/\/ladepeche.mr\/index.php?rest_route=%2Fwp%2Fv2%2Ftags&post=14389"}],"curies":[{"name":"wp","href":"https:\/\/api.w.org\/{rel}","templated":true}]}}