{"id":14392,"date":"2025-02-27T08:17:24","date_gmt":"2025-02-27T08:17:24","guid":{"rendered":"https:\/\/ladepeche.mr\/?p=14392"},"modified":"2025-02-27T08:17:24","modified_gmt":"2025-02-27T08:17:24","slug":"le-premier-ministre-remet-un-message-ecrit-du-president-de-la-republique-au-president-des-emirats-arabes-unis","status":"publish","type":"post","link":"https:\/\/ladepeche.mr\/?p=14392","title":{"rendered":"Le Premier ministre remet un message \u00e9crit du Pr\u00e9sident de la R\u00e9publique au Pr\u00e9sident des Emirats Arabes Unis"},"content":{"rendered":"<p>Le Premier ministre, M. Mokhtar Ould Djaye a remis, mardi au Palais Al Bahr \u00e0 Abu Dhabi, un message \u00e9crit du Pr\u00e9sident de la R\u00e9publique, Monsieur Mohamed Ould Cheikh El-Ghazouani \u00e0 son fr\u00e8re, Son Altesse Cheikh Mohamed Ben Zayed Al Nahyan, Pr\u00e9sident des Emirats Arabes Unis (EAU).<\/p>\n<p>Le message traite des relations fraternelles entre les deux pays et des moyens de les renforcer \u00e0 diff\u00e9rents niveaux.<\/p>\n<p>Le Premier Ministre a transmis \u00e0 S.A. le Pr\u00e9sident des Emirats Arabes Unis les salutations de Son Excellence le Pr\u00e9sident de la R\u00e9publique, Monsieur Mohamed Ould Cheikh El-Ghazouani, tandis que Son Altesse, a charg\u00e9 le Premier ministre de transmettre ses salutations \u00e0 Son Excellence le Pr\u00e9sident de la R\u00e9publique et ses v\u0153ux de progr\u00e8s et de d\u00e9veloppement pour la Mauritanie et son peuple.<\/p>\n<p>L\u2019entretien s\u2019est d\u00e9roul\u00e9 en pr\u00e9sence du chef de cabinet du Premier ministre, M. Cheikh Ould Zeidane, et de l\u2019ambassadeur de notre pays aux \u00c9mirats arabes unis, S.E. M. Mohamed Ould Ahmed Salem Mohamed Rara.<\/p>\n<p>Ami<\/p>\n","protected":false},"excerpt":{"rendered":"<p>Le Premier ministre, M. Mokhtar Ould Djaye a remis, mardi au Palais Al Bahr \u00e0 Abu Dhabi, un message \u00e9crit du Pr\u00e9sident de la R\u00e9publique, Monsieur Mohamed Ould Cheikh El-Ghazouani \u00e0 son fr\u00e8re, Son Altesse Cheikh Mohamed Ben Zayed Al Nahyan, Pr\u00e9sident des Emirats Arabes Unis (EAU). Le message traite des relations fraternelles entre les &hellip;<\/p>\n","protected":false},"author":2,"featured_media":14393,"comment_status":"open","ping_status":"open","sticky":false,"template":"","format":"standard","meta":{"footnotes":""},"categories":[18],"tags":[],"class_list":["post-14392","post","type-post","status-publish","format-standard","has-post-thumbnail","hentry","category-actualites"],"_links":{"self":[{"href":"https:\/\/ladepeche.mr\/index.php?rest_route=\/wp\/v2\/posts\/14392","targetHints":{"allow":["GET"]}}],"collection":[{"href":"https:\/\/ladepeche.mr\/index.php?rest_route=\/wp\/v2\/posts"}],"about":[{"href":"https:\/\/ladepeche.mr\/index.php?rest_route=\/wp\/v2\/types\/post"}],"author":[{"embeddable":true,"href":"https:\/\/ladepeche.mr\/index.php?rest_route=\/wp\/v2\/users\/2"}],"replies":[{"embeddable":true,"href":"https:\/\/ladepeche.mr\/index.php?rest_route=%2Fwp%2Fv2%2Fcomments&post=14392"}],"version-history":[{"count":1,"href":"https:\/\/ladepeche.mr\/index.php?rest_route=\/wp\/v2\/posts\/14392\/revisions"}],"predecessor-version":[{"id":14394,"href":"https:\/\/ladepeche.mr\/index.php?rest_route=\/wp\/v2\/posts\/14392\/revisions\/14394"}],"wp:featuredmedia":[{"embeddable":true,"href":"https:\/\/ladepeche.mr\/index.php?rest_route=\/wp\/v2\/media\/14393"}],"wp:attachment":[{"href":"https:\/\/ladepeche.mr\/index.php?rest_route=%2Fwp%2Fv2%2Fmedia&parent=14392"}],"wp:term":[{"taxonomy":"category","embeddable":true,"href":"https:\/\/ladepeche.mr\/index.php?rest_route=%2Fwp%2Fv2%2Fcategories&post=14392"},{"taxonomy":"post_tag","embeddable":true,"href":"https:\/\/ladepeche.mr\/index.php?rest_route=%2Fwp%2Fv2%2Ftags&post=14392"}],"curies":[{"name":"wp","href":"https:\/\/api.w.org\/{rel}","templated":true}]}}