{"id":1440,"date":"2022-08-12T11:52:57","date_gmt":"2022-08-12T11:52:57","guid":{"rendered":"https:\/\/ladepeche.mr\/?p=1440"},"modified":"2022-08-12T11:52:57","modified_gmt":"2022-08-12T11:52:57","slug":"pour-attenuer-limpact-de-linflation-la-bcm-releve-les-taux-directeurs","status":"publish","type":"post","link":"https:\/\/ladepeche.mr\/?p=1440","title":{"rendered":"Pour att\u00e9nuer l&#8217;impact de l\u2019inflation\u00a0: La BCM rel\u00e8ve les taux directeurs"},"content":{"rendered":"<p>La Banque centrale de Mauritanie (BCM) a d\u00e9cid\u00e9, dans un contexte mondial d\u2019inflation galopante qui a affect\u00e9 l\u2019\u00e9conomie nationale, de relever de 5,5% a 7% les taux directeurs comme mesure technique visant \u00e0 r\u00e9duire localement l\u2019impact de l\u2019inflation.<\/p>\n<p>\u00abLe taux directeur c\u2019est le taux auquel pr\u00eate la Banque Centrale aux banques commerciales et il est proportionnel aux taux d\u2019int\u00e9r\u00eat pratiqu\u00e9s par les banques \u00e0 leurs client\u00e8les\u00a0\u00bb nous explique un sp\u00e9cialiste de la finance. De m\u00eame source, on pr\u00e9cise que \u00ab\u00a0le taux directeur est l\u2019instrument principal de politique mon\u00e9taire \u00e0 la main des banques centrales pour assurer la stabilit\u00e9 des prix et par cons\u00e9quent la ma\u00eetrise de l\u2019inflation\u00a0\u00bb. Une soupape de s\u00e9curit\u00e9 financi\u00e8re qui veut que quand la BCM rel\u00e8ve le taux directeur cela rel\u00e8ve aussi dans un effet d\u2019entrainement le taux des banques ce qui rend le cr\u00e9dit plus cher et donc plus r\u00e9duit. La r\u00e9duction de l\u2019offre de la monnaie en circulation face une forte demande contribue ainsi \u00e0 agir sur la fluctuation des prix<\/p>\n<p>Ce serait donc dans cette logique que la BCM a pris la d\u00e9cision de relever le taux directeur de 5,5% a 7% dans un contexte marqu\u00e9 par de fortes tensions inflationnistes li\u00e9es \u00e0 l\u2019inflation mondiale engendr\u00e9e par les cons\u00e9quences de la Covid et plus r\u00e9cemment encore la guerre en Ukraine.<\/p>\n","protected":false},"excerpt":{"rendered":"<p>La Banque centrale de Mauritanie (BCM) a d\u00e9cid\u00e9, dans un contexte mondial d\u2019inflation galopante qui a affect\u00e9 l\u2019\u00e9conomie nationale, de relever de 5,5% a 7% les taux directeurs comme mesure technique visant \u00e0 r\u00e9duire localement l\u2019impact de l\u2019inflation. \u00abLe taux directeur c\u2019est le taux auquel pr\u00eate la Banque Centrale aux banques commerciales et il est &hellip;<\/p>\n","protected":false},"author":2,"featured_media":1441,"comment_status":"open","ping_status":"open","sticky":false,"template":"","format":"standard","meta":{"footnotes":""},"categories":[18,2],"tags":[],"class_list":["post-1440","post","type-post","status-publish","format-standard","has-post-thumbnail","hentry","category-actualites","category-economie"],"_links":{"self":[{"href":"https:\/\/ladepeche.mr\/index.php?rest_route=\/wp\/v2\/posts\/1440","targetHints":{"allow":["GET"]}}],"collection":[{"href":"https:\/\/ladepeche.mr\/index.php?rest_route=\/wp\/v2\/posts"}],"about":[{"href":"https:\/\/ladepeche.mr\/index.php?rest_route=\/wp\/v2\/types\/post"}],"author":[{"embeddable":true,"href":"https:\/\/ladepeche.mr\/index.php?rest_route=\/wp\/v2\/users\/2"}],"replies":[{"embeddable":true,"href":"https:\/\/ladepeche.mr\/index.php?rest_route=%2Fwp%2Fv2%2Fcomments&post=1440"}],"version-history":[{"count":1,"href":"https:\/\/ladepeche.mr\/index.php?rest_route=\/wp\/v2\/posts\/1440\/revisions"}],"predecessor-version":[{"id":1442,"href":"https:\/\/ladepeche.mr\/index.php?rest_route=\/wp\/v2\/posts\/1440\/revisions\/1442"}],"wp:featuredmedia":[{"embeddable":true,"href":"https:\/\/ladepeche.mr\/index.php?rest_route=\/wp\/v2\/media\/1441"}],"wp:attachment":[{"href":"https:\/\/ladepeche.mr\/index.php?rest_route=%2Fwp%2Fv2%2Fmedia&parent=1440"}],"wp:term":[{"taxonomy":"category","embeddable":true,"href":"https:\/\/ladepeche.mr\/index.php?rest_route=%2Fwp%2Fv2%2Fcategories&post=1440"},{"taxonomy":"post_tag","embeddable":true,"href":"https:\/\/ladepeche.mr\/index.php?rest_route=%2Fwp%2Fv2%2Ftags&post=1440"}],"curies":[{"name":"wp","href":"https:\/\/api.w.org\/{rel}","templated":true}]}}