{"id":14408,"date":"2025-02-27T15:35:04","date_gmt":"2025-02-27T15:35:04","guid":{"rendered":"https:\/\/ladepeche.mr\/?p=14408"},"modified":"2025-02-27T15:35:34","modified_gmt":"2025-02-27T15:35:34","slug":"nomination-dun-directeur-general-adjoint-de-la-surete-nationale","status":"publish","type":"post","link":"https:\/\/ladepeche.mr\/?p=14408","title":{"rendered":"Nomination d\u2019un directeur g\u00e9n\u00e9ral adjoint de la s\u00fbret\u00e9 nationale"},"content":{"rendered":"<article id=\"post-266046\" class=\"post-266046 post type-post status-publish format-standard has-post-thumbnail category-choix-du-redacteur category-fil-dactualite category-mauritanie category-slider-afficher category-slider-mauritanie single-post-content has-thumbnail\">\n<div class=\"entry-content clearfix single-post-content\">\n<p>Par d\u00e9cret pr\u00e9sidentiel, rendu public, ce jeudi, nous apprenons la nomination de Fadhili Ould Naji comme directeur g\u00e9n\u00e9ral adjoint de la s\u00fbret\u00e9 nationale.<\/p>\n<div class=\"heateorSssClear\">Ancien directeur r\u00e9gional de la suret\u00e9 \u00e0 Nouakchott et promu directeur central de la police judiciaire et de la s\u00e9curit\u00e9 publique, le commissaire divisionnaire continue son ascension sur l&#8217;\u00e9chiquier de la s\u00e9curit\u00e9.<\/div>\n<div>Efficace et discret, Fadhili Ould Naji on ne lui connait pas de casserole. Ce nouveau poste n&#8217;est sans doute qu&#8217;un tremplin dans la hi\u00e9rarchie et la carri\u00e8re de l&#8217;homme qui ne s&#8217;arr\u00eatera pas en si bon chemin.<\/div>\n<div class=\"heateor_sss_sharing_container heateor_sss_horizontal_sharing\" data-heateor-sss-href=\"https:\/\/ami.mr\/fr\/archives\/266046\">\n<div class=\"heateor_sss_sharing_title\"><\/div>\n<div class=\"heateor_sss_sharing_ul\"><\/div>\n<div class=\"heateorSssClear\"><\/div>\n<\/div>\n<div class=\"heateorSssClear\"><\/div>\n<\/div>\n<\/article>\n<section class=\"next-prev-post clearfix\">\n<div class=\"prev-post\">\n<p class=\"pre-title heading-typo\">\n<\/div>\n<\/section>\n","protected":false},"excerpt":{"rendered":"<p>Par d\u00e9cret pr\u00e9sidentiel, rendu public, ce jeudi, nous apprenons la nomination de Fadhili Ould Naji comme directeur g\u00e9n\u00e9ral adjoint de la s\u00fbret\u00e9 nationale. Ancien directeur r\u00e9gional de la suret\u00e9 \u00e0 Nouakchott et promu directeur central de la police judiciaire et de la s\u00e9curit\u00e9 publique, le commissaire divisionnaire continue son ascension sur l&#8217;\u00e9chiquier de la s\u00e9curit\u00e9. &hellip;<\/p>\n","protected":false},"author":2,"featured_media":14409,"comment_status":"open","ping_status":"open","sticky":false,"template":"","format":"standard","meta":{"footnotes":""},"categories":[18],"tags":[],"class_list":["post-14408","post","type-post","status-publish","format-standard","has-post-thumbnail","hentry","category-actualites"],"_links":{"self":[{"href":"https:\/\/ladepeche.mr\/index.php?rest_route=\/wp\/v2\/posts\/14408","targetHints":{"allow":["GET"]}}],"collection":[{"href":"https:\/\/ladepeche.mr\/index.php?rest_route=\/wp\/v2\/posts"}],"about":[{"href":"https:\/\/ladepeche.mr\/index.php?rest_route=\/wp\/v2\/types\/post"}],"author":[{"embeddable":true,"href":"https:\/\/ladepeche.mr\/index.php?rest_route=\/wp\/v2\/users\/2"}],"replies":[{"embeddable":true,"href":"https:\/\/ladepeche.mr\/index.php?rest_route=%2Fwp%2Fv2%2Fcomments&post=14408"}],"version-history":[{"count":2,"href":"https:\/\/ladepeche.mr\/index.php?rest_route=\/wp\/v2\/posts\/14408\/revisions"}],"predecessor-version":[{"id":14411,"href":"https:\/\/ladepeche.mr\/index.php?rest_route=\/wp\/v2\/posts\/14408\/revisions\/14411"}],"wp:featuredmedia":[{"embeddable":true,"href":"https:\/\/ladepeche.mr\/index.php?rest_route=\/wp\/v2\/media\/14409"}],"wp:attachment":[{"href":"https:\/\/ladepeche.mr\/index.php?rest_route=%2Fwp%2Fv2%2Fmedia&parent=14408"}],"wp:term":[{"taxonomy":"category","embeddable":true,"href":"https:\/\/ladepeche.mr\/index.php?rest_route=%2Fwp%2Fv2%2Fcategories&post=14408"},{"taxonomy":"post_tag","embeddable":true,"href":"https:\/\/ladepeche.mr\/index.php?rest_route=%2Fwp%2Fv2%2Ftags&post=14408"}],"curies":[{"name":"wp","href":"https:\/\/api.w.org\/{rel}","templated":true}]}}