{"id":14416,"date":"2025-02-27T18:35:16","date_gmt":"2025-02-27T18:35:16","guid":{"rendered":"https:\/\/ladepeche.mr\/?p=14416"},"modified":"2025-02-27T18:35:16","modified_gmt":"2025-02-27T18:35:16","slug":"le-senegal-celebre-un-accord-de-paix-en-casamance","status":"publish","type":"post","link":"https:\/\/ladepeche.mr\/?p=14416","title":{"rendered":"Le S\u00e9n\u00e9gal c\u00e9l\u00e8bre un accord de paix en Casamance"},"content":{"rendered":"<p>Le pr\u00e9sident s\u00e9n\u00e9galais Bassirou Diomaye Diakhar Faye a annonc\u00e9 mercredi une avanc\u00e9e majeure pour la stabilit\u00e9 du pays avec la signature d&#8217;un accord de paix durable en Casamance, apr\u00e8s des d\u00e9cennies de conflit dans cette r\u00e9gion m\u00e9ridionale du S\u00e9n\u00e9gal.<\/p>\n<p data-t=\"{&quot;n&quot;:&quot;blueLinks&quot;}\">\u00ab C&#8217;est avec une immense satisfaction que nous accueillons cet accord historique qui marque un tournant d\u00e9cisif pour notre nation \u00bb, a d\u00e9clar\u00e9 le Chef de l&#8217;\u00c9tat du S\u00e9n\u00e9gal, lors du conseil des ministres hebdomadaire au Palais de la R\u00e9publique, mercredi.<\/p>\n<p data-t=\"{&quot;n&quot;:&quot;blueLinks&quot;}\">L&#8217;accord de paix en Casamance, sign\u00e9 le dimanche 23 f\u00e9vrier 2025, est le fruit d&#8217;efforts diplomatiques soutenus impliquant plusieurs acteurs r\u00e9gionaux. Le pr\u00e9sident Faye a particuli\u00e8rement remerci\u00e9 son homologue bissau-guin\u00e9en, Umaro Sissoco Embal\u00f3, \u00ab pour son r\u00f4le d\u00e9terminant de facilitateur \u00bb dans ce processus de paix.<\/p>\n<p data-t=\"{&quot;n&quot;:&quot;blueLinks&quot;}\">\u00ab Le Premier ministre Ousmane Sonko m\u00e9rite \u00e9galement notre reconnaissance pour le travail remarquable accompli dans le cadre de la r\u00e9conciliation, de la paix et de la stabilit\u00e9 en Casamance \u00bb, a soulign\u00e9 le pr\u00e9sident.<\/p>\n<p data-t=\"{&quot;n&quot;:&quot;blueLinks&quot;}\">Cette dynamique de paix s&#8217;inscrit dans le cadre plus large du \u00ab Plan Diomaye pour la Casamance \u00bb (PDC), un programme ambitieux de d\u00e9veloppement durable lanc\u00e9 en octobre 2024. Ce plan comprend vingt-deux mesures d&#8217;accompagnement visant \u00e0 \u00ab d\u00e9velopper le p\u00f4le-territoire \u00e9conomique Casamance conform\u00e9ment \u00e0 la vision d&#8217;un S\u00e9n\u00e9gal souverain, juste et prosp\u00e8re \u00bb.<\/p>\n<div class=\"intra-article-module\" data-t=\"{&quot;n&quot;:&quot;intraArticle&quot;,&quot;t&quot;:13}\">\n<div class=\"articlePageIntraArticleFullWidth ad-slot-placeholder left-image-intra-ad collapsed\" data-ad-index=\"1\">\n<div class=\"intra-article-ad-full left-image-intra-ad\"><\/div>\n<\/div>\n<\/div>\n<p class=\"continue-read-break\" data-t=\"{&quot;n&quot;:&quot;blueLinks&quot;}\">Selon le communiqu\u00e9 officiel du Conseil des ministres parvenu \u00e0 APA, des financements ont d\u00e9j\u00e0 \u00e9t\u00e9 allou\u00e9s \u00e0 diverses r\u00e9alisations \u00e0 travers plusieurs organismes nationaux, permettant notamment \u00ab la r\u00e9alisation de puits hydrauliques, l&#8217;appui \u00e0 l&#8217;entrepreneuriat agricole des femmes, la construction d&#8217;habitats, l&#8217;assainissement, la construction de salles de classe, la poursuite des activit\u00e9s de d\u00e9minage, ainsi que des secours alimentaires et la poursuite du dialogue communautaire \u00bb.<\/p>\n<p data-t=\"{&quot;n&quot;:&quot;blueLinks&quot;}\">\u00ab Le gouvernement r\u00e9affirme sa volont\u00e9 de travailler avec toutes les parties prenantes pour asseoir une paix durable et relancer rapidement les activit\u00e9s \u00e9conomiques et sociales en Casamance \u00bb, a d\u00e9clar\u00e9 le pr\u00e9sident Faye, qualifiant ces initiatives d&#8217;\u00ab indispensables \u00e0 l&#8217;am\u00e9lioration du bien-\u00eatre des populations \u00bb.<\/p>\n<p data-t=\"{&quot;n&quot;:&quot;blueLinks&quot;}\">La Casamance, r\u00e9gion s\u00e9par\u00e9e du reste du S\u00e9n\u00e9gal par la Gambie, \u00e9tait en proie \u00e0 l&#8217;un des plus anciens conflits d&#8217;Afrique depuis le d\u00e9but des ann\u00e9es 1980, opposant l&#8217;arm\u00e9e s\u00e9n\u00e9galaise aux s\u00e9paratistes du Mouvement des forces d\u00e9mocratiques de Casamance (MFDC).<\/p>\n<p data-t=\"{&quot;n&quot;:&quot;blueLinks&quot;}\"><a href=\"https:\/\/www.msn.com\/fr-xl\/actualite\/other\/le-s%C3%A9n%C3%A9gal-c%C3%A9l%C3%A8bre-un-accord-de-paix-en-casamance\/ar-AA1zRBa0?ocid=msedgdhp&amp;pc=U531&amp;cvid=d21ca85b006f4338805244734d217a29&amp;ei=129\">Le S\u00e9n\u00e9gal c\u00e9l\u00e8bre un accord de paix en Casamance<\/a><\/p>\n","protected":false},"excerpt":{"rendered":"<p>Le pr\u00e9sident s\u00e9n\u00e9galais Bassirou Diomaye Diakhar Faye a annonc\u00e9 mercredi une avanc\u00e9e majeure pour la stabilit\u00e9 du pays avec la signature d&#8217;un accord de paix durable en Casamance, apr\u00e8s des d\u00e9cennies de conflit dans cette r\u00e9gion m\u00e9ridionale du S\u00e9n\u00e9gal. \u00ab C&#8217;est avec une immense satisfaction que nous accueillons cet accord historique qui marque un tournant &hellip;<\/p>\n","protected":false},"author":2,"featured_media":9422,"comment_status":"open","ping_status":"open","sticky":false,"template":"","format":"standard","meta":{"footnotes":""},"categories":[18,29],"tags":[],"class_list":["post-14416","post","type-post","status-publish","format-standard","has-post-thumbnail","hentry","category-actualites","category-monde"],"_links":{"self":[{"href":"https:\/\/ladepeche.mr\/index.php?rest_route=\/wp\/v2\/posts\/14416","targetHints":{"allow":["GET"]}}],"collection":[{"href":"https:\/\/ladepeche.mr\/index.php?rest_route=\/wp\/v2\/posts"}],"about":[{"href":"https:\/\/ladepeche.mr\/index.php?rest_route=\/wp\/v2\/types\/post"}],"author":[{"embeddable":true,"href":"https:\/\/ladepeche.mr\/index.php?rest_route=\/wp\/v2\/users\/2"}],"replies":[{"embeddable":true,"href":"https:\/\/ladepeche.mr\/index.php?rest_route=%2Fwp%2Fv2%2Fcomments&post=14416"}],"version-history":[{"count":1,"href":"https:\/\/ladepeche.mr\/index.php?rest_route=\/wp\/v2\/posts\/14416\/revisions"}],"predecessor-version":[{"id":14417,"href":"https:\/\/ladepeche.mr\/index.php?rest_route=\/wp\/v2\/posts\/14416\/revisions\/14417"}],"wp:featuredmedia":[{"embeddable":true,"href":"https:\/\/ladepeche.mr\/index.php?rest_route=\/wp\/v2\/media\/9422"}],"wp:attachment":[{"href":"https:\/\/ladepeche.mr\/index.php?rest_route=%2Fwp%2Fv2%2Fmedia&parent=14416"}],"wp:term":[{"taxonomy":"category","embeddable":true,"href":"https:\/\/ladepeche.mr\/index.php?rest_route=%2Fwp%2Fv2%2Fcategories&post=14416"},{"taxonomy":"post_tag","embeddable":true,"href":"https:\/\/ladepeche.mr\/index.php?rest_route=%2Fwp%2Fv2%2Ftags&post=14416"}],"curies":[{"name":"wp","href":"https:\/\/api.w.org\/{rel}","templated":true}]}}