{"id":14418,"date":"2025-02-27T21:03:33","date_gmt":"2025-02-27T21:03:33","guid":{"rendered":"https:\/\/ladepeche.mr\/?p=14418"},"modified":"2025-02-27T21:03:33","modified_gmt":"2025-02-27T21:03:33","slug":"la-premiere-dame-lance-une-journee-de-sensibilisation-a-linsertion-professionnelle-des-personnes-handicapees","status":"publish","type":"post","link":"https:\/\/ladepeche.mr\/?p=14418","title":{"rendered":"La Premi\u00e8re Dame lance une journ\u00e9e de sensibilisation \u00e0 l\u2019insertion professionnelle des personnes handicap\u00e9es"},"content":{"rendered":"<p>La Premi\u00e8re Dame Mari\u00e8me Vadel Dah a supervis\u00e9, jeudi au Palais des Congr\u00e8s \u00e0 Nouakchott, le lancement d\u2019une journ\u00e9e de sensibilisation sur l\u2019insertion professionnelle des personnes handicap\u00e9es, sous le th\u00e8me \u201cConstruire un accompagnement personnalis\u00e9 et une offre de service globale dans un cadre participatif\u201d.<\/p>\n<p>Cette journ\u00e9e a pour objectif de faire conna\u00eetre le programme \u201coffre de services\u201d destin\u00e9 aux personnes handicap\u00e9es titulaires d\u2019une carte de personne \u00e0 besoins sp\u00e9cifiques, d\u2019une attestation des directions et services comp\u00e9tents du minist\u00e8re de l\u2019Action sociale, de l\u2019Enfance et de la Famille.<\/p>\n<p>La journ\u00e9e a \u00e9t\u00e9 marqu\u00e9e par la pr\u00e9sentation d\u2019une vid\u00e9o explicative du programme \u201cOffre de services\u201d et de quelques exp\u00e9riences internationales pionni\u00e8res en mati\u00e8re d\u2019int\u00e9gration des personnes handicap\u00e9es.<\/p>\n<p>La Premi\u00e8re Dame a \u00e9galement remis un r\u00e9c\u00e9piss\u00e9 d\u2019inscription \u00e0 la premi\u00e8re b\u00e9n\u00e9ficiaire du programme, Mme Aminetou Mint M\u2019Bareck.<\/p>\n<p>Dans une allocution prononc\u00e9e \u00e0 cette occasion, le ministre de l\u2019Autonomisation des jeunes, de l\u2019Emploi, des Sports et du service civique, M. Mohamed Abdallahi Ould Louly, a indiqu\u00e9 que son secteur, en collaboration avec le minist\u00e8re de l\u2019Action sociale, de l\u2019Enfance et de la Famille, \u0153uvre \u00e0 l\u2019\u00e9laboration de programmes clairs visant \u00e0 ouvrir de nouveaux horizons aux personnes handicap\u00e9es, \u00e0 leur permettre d\u2019acc\u00e9der dignement au march\u00e9 du travail et \u00e0 renforcer leur employabilit\u00e9, que ce soit par l\u2019emploi direct ou par le soutien de leurs auto-projets afin de parvenir \u00e0 l\u2019ind\u00e9pendance \u00e9conomique et \u00e0 l\u2019int\u00e9gration sociale durable.<\/p>\n<p>Il a annonc\u00e9 que le secteur de l\u2019emploi a allou\u00e9 100 millions d\u2019ouguiyas anciennes au financement d\u2019auto-projets en faveur des personnes handicap\u00e9es qui tiennent compte de leurs sp\u00e9cificit\u00e9s et r\u00e9pondent \u00e0 leurs aspirations.<\/p>\n<p>Il a ajout\u00e9 que pour assurer la durabilit\u00e9 et la transparence, un compte sp\u00e9cial a \u00e9t\u00e9 cr\u00e9\u00e9 au Tr\u00e9sor public pour ce programme, qui inclura les contributions des acteurs nationaux pour soutenir le d\u00e9veloppement des comp\u00e9tences de ce groupe et le financement de leurs projets, et mettra, en ligne et en temps r\u00e9el, les donn\u00e9es relatives \u00e0 son fonctionnement \u00e0 la disposition du public, afin que tout le monde soit au courant de chaque \u00e9tape de ce processus.<\/p>\n<p>Pour sa part, la ministre de l\u2019Action sociale, de l\u2019Enfance et de la Famille, Mme Savia Mint Ntahah, a soulign\u00e9 que l\u2019organisation de cette journ\u00e9e de sensibilisation sur l\u2019importance de l\u2019int\u00e9gration des personnes \u00e0 besoins sp\u00e9cifiques dans le march\u00e9 du travail et le lancement d\u2019un programme pour le financement de 100 projets pilotes confirment la r\u00e9alit\u00e9 des acquis de notre pays dans le domaine de la promotion des droits des personnes handicap\u00e9es.<\/p>\n<p>Elle a ajout\u00e9 que le gouvernement, sous la supervision de S.E le Premier ministre El Moctar Ould Djay, \u0153uvre \u00e0 promouvoir les droits des personnes handicap\u00e9es, \u00e0 lutter contre les diff\u00e9rentes formes de discrimination \u00e0 leur \u00e9gard et \u00e0 encourager leur esprit d\u2019entreprise. Elle a ensuite pass\u00e9 en revue les acquis r\u00e9alis\u00e9s par son secteur en faveur des personnes handicap\u00e9es au cours des derni\u00e8res ann\u00e9es.<\/p>\n<p>\u00c0 cet \u00e9gard, elle a expliqu\u00e9 que la Strat\u00e9gie nationale pour l\u2019int\u00e9gration des personnes handicap\u00e9es 2025-2030 a \u00e9t\u00e9 approuv\u00e9e avec la participation de douze secteurs gouvernementaux et de toutes les parties prenantes \u00e0 la question du handicap dans le pays.<\/p>\n<p>Elle a soulign\u00e9 que le secteur, en pleine coordination avec les diff\u00e9rents secteurs gouvernementaux li\u00e9s \u00e0 la promotion et \u00e0 l\u2019inclusion des personnes handicap\u00e9es, augmentera ses programmes ciblant ce groupe important de la soci\u00e9t\u00e9.<\/p>\n<p>Le directeur g\u00e9n\u00e9ral de l\u2019Agence nationale pour l\u2019emploi, M. Abdel Fettah Ould Abdel Fettah, a d\u00e9clar\u00e9 que les personnes handicap\u00e9es poss\u00e8dent des aptitudes et des comp\u00e9tences diverses qui peuvent \u00eatre grandement exploit\u00e9es si elles b\u00e9n\u00e9ficient des conditions appropri\u00e9es, ajoutant que l\u2019Agence a d\u00e9velopp\u00e9 un formulaire d\u2019inscription dans la base de donn\u00e9es des demandeurs d\u2019emploi d\u00e9di\u00e9e \u00e0 cette cat\u00e9gorie, qui permet une compr\u00e9hension pr\u00e9cise de leurs besoins, l\u2019\u00e9valuation de leurs comp\u00e9tences et de leur expertise, ainsi que l\u2019identification du type et du degr\u00e9 de leur handicap, ce qui contribue \u00e0 les orienter vers les voies professionnelles les plus adapt\u00e9es \u00e0 leurs capacit\u00e9s.<\/p>\n<p>La base de donn\u00e9es servira d\u2019outil strat\u00e9gique pour guider l\u2019Agence dans la s\u00e9lection des programmes de formation et de d\u00e9veloppement des comp\u00e9tences, pour identifier les ressources humaines et financi\u00e8res n\u00e9cessaires \u00e0 la mise en \u0153uvre des programmes et pour d\u00e9velopper une strat\u00e9gie de partenariat avec les institutions et organisations nationales et internationales afin d\u2019accro\u00eetre l\u2019impact positif des initiatives destin\u00e9es aux personnes handicap\u00e9es.<\/p>\n<p>Il a soulign\u00e9 que l\u2019Agence s\u2019emploiera \u00e0 renforcer les efforts de sensibilisation, d\u2019orientation et de conseil pour assurer une meilleure int\u00e9gration \u00e9conomique de ce groupe, en soutenant des politiques d\u2019emploi et de formation appropri\u00e9es et en leur permettant d\u2019acc\u00e9der aux opportunit\u00e9s disponibles sur le march\u00e9 du travail. Elle accordera une importance particuli\u00e8re au renforcement des capacit\u00e9s des associations partenaires, en tant qu\u2019acteur cl\u00e9 dans le soutien et l\u2019accompagnement des personnes handicap\u00e9es, et en assurant la mise en \u0153uvre effective des programmes qui leur sont destin\u00e9s.<\/p>\n<p>Pour sa part, le Pr\u00e9sident de la F\u00e9d\u00e9ration Mauritanienne des Associations Nationales des Personnes Handicap\u00e9es, M. Jemal Ould Abdeljalil, a d\u00e9clar\u00e9 que cette journ\u00e9e repr\u00e9sente un changement important dans la prise en charge des personnes handicap\u00e9es et leur int\u00e9gration dans la vie active par les plus hautes autorit\u00e9s du pays.<\/p>\n<p>Il a remerci\u00e9 la premi\u00e8re dame pour le haut patronage qu\u2019elle a accord\u00e9 \u00e0 cette c\u00e9r\u00e9monie, qui t\u00e9moigne de l\u2019int\u00e9r\u00eat remarquable qu\u2019elle porte \u00e0 ce groupe et de ses efforts pour leur donner les moyens de travailler, de produire, de faire leurs preuves et d\u2019\u00eatre honn\u00eatement comp\u00e9titifs au service de la nation.<\/p>\n<p>Au nom de la F\u00e9d\u00e9ration et de toutes les parties prenantes dans le domaine du handicap, il s\u2019est f\u00e9licit\u00e9 de l\u2019approbation par le Conseil des ministres de la strat\u00e9gie nationale pour l\u2019int\u00e9gration et la protection des personnes handicap\u00e9es.<\/p>\n<p>Le nombre de personnes handicap\u00e9es en Mauritanie est de 507967, soit 10 % de la population totale, selon les donn\u00e9es disponibles \u00e0 l\u2019Agence nationale de la statistique et de l\u2019analyse d\u00e9mographique et \u00e9conomique (ANSADE).<\/p>\n<p>Le lancement a eu lieu en pr\u00e9sence des autorit\u00e9s administratives et s\u00e9curitaires de la wilaya de Nouakchott Ouest et d\u2019un certain nombre de responsables des deux secteurs.<\/p>\n<p>Ami<\/p>\n","protected":false},"excerpt":{"rendered":"<p>La Premi\u00e8re Dame Mari\u00e8me Vadel Dah a supervis\u00e9, jeudi au Palais des Congr\u00e8s \u00e0 Nouakchott, le lancement d\u2019une journ\u00e9e de sensibilisation sur l\u2019insertion professionnelle des personnes handicap\u00e9es, sous le th\u00e8me \u201cConstruire un accompagnement personnalis\u00e9 et une offre de service globale dans un cadre participatif\u201d. Cette journ\u00e9e a pour objectif de faire conna\u00eetre le programme \u201coffre &hellip;<\/p>\n","protected":false},"author":2,"featured_media":14419,"comment_status":"open","ping_status":"open","sticky":false,"template":"","format":"standard","meta":{"footnotes":""},"categories":[18],"tags":[],"class_list":["post-14418","post","type-post","status-publish","format-standard","has-post-thumbnail","hentry","category-actualites"],"_links":{"self":[{"href":"https:\/\/ladepeche.mr\/index.php?rest_route=\/wp\/v2\/posts\/14418","targetHints":{"allow":["GET"]}}],"collection":[{"href":"https:\/\/ladepeche.mr\/index.php?rest_route=\/wp\/v2\/posts"}],"about":[{"href":"https:\/\/ladepeche.mr\/index.php?rest_route=\/wp\/v2\/types\/post"}],"author":[{"embeddable":true,"href":"https:\/\/ladepeche.mr\/index.php?rest_route=\/wp\/v2\/users\/2"}],"replies":[{"embeddable":true,"href":"https:\/\/ladepeche.mr\/index.php?rest_route=%2Fwp%2Fv2%2Fcomments&post=14418"}],"version-history":[{"count":1,"href":"https:\/\/ladepeche.mr\/index.php?rest_route=\/wp\/v2\/posts\/14418\/revisions"}],"predecessor-version":[{"id":14420,"href":"https:\/\/ladepeche.mr\/index.php?rest_route=\/wp\/v2\/posts\/14418\/revisions\/14420"}],"wp:featuredmedia":[{"embeddable":true,"href":"https:\/\/ladepeche.mr\/index.php?rest_route=\/wp\/v2\/media\/14419"}],"wp:attachment":[{"href":"https:\/\/ladepeche.mr\/index.php?rest_route=%2Fwp%2Fv2%2Fmedia&parent=14418"}],"wp:term":[{"taxonomy":"category","embeddable":true,"href":"https:\/\/ladepeche.mr\/index.php?rest_route=%2Fwp%2Fv2%2Fcategories&post=14418"},{"taxonomy":"post_tag","embeddable":true,"href":"https:\/\/ladepeche.mr\/index.php?rest_route=%2Fwp%2Fv2%2Ftags&post=14418"}],"curies":[{"name":"wp","href":"https:\/\/api.w.org\/{rel}","templated":true}]}}