{"id":14432,"date":"2025-03-02T22:10:25","date_gmt":"2025-03-02T22:10:25","guid":{"rendered":"https:\/\/ladepeche.mr\/?p=14432"},"modified":"2025-03-02T22:10:25","modified_gmt":"2025-03-02T22:10:25","slug":"lunrwa-affirme-que-son-demantelement-aggraverait-la-situation-des-refugies-palestiniens","status":"publish","type":"post","link":"https:\/\/ladepeche.mr\/?p=14432","title":{"rendered":"L&#8217;UNRWA affirme que son d\u00e9mant\u00e8lement aggraverait la situation des r\u00e9fugi\u00e9s palestiniens"},"content":{"rendered":"<p data-t=\"{&quot;n&quot;:&quot;blueLinks&quot;}\">Philippe Lazzarini, commissaire g\u00e9n\u00e9ral de l&#8217;UNRWA, a soulign\u00e9 samedi que l&#8217;agence repr\u00e9sente &#8220;l&#8217;\u00e9pine dorsale des op\u00e9rations d&#8217;aide humanitaire \u00e0 Ghaza&#8221;, pr\u00e9cisant qu&#8217;elle continuait de fournir des services de sant\u00e9 et d&#8217;\u00e9ducation aux r\u00e9fugi\u00e9s palestiniens en Cisjordanie occup\u00e9e, y compris \u00e0 El Qods-Est.<\/p>\n<p data-t=\"{&quot;n&quot;:&quot;blueLinks&quot;}\">Il a qualifi\u00e9 les attaques sionistes en cours contre l&#8217;UNRWA de &#8220;non seulement une partie d&#8217;une offensive contre les r\u00e9fugi\u00e9s palestiniens et le droit au retour, mais aussi une attaque contre l&#8217;histoire et l&#8217;identit\u00e9 palestiniennes&#8221;.<\/p>\n<p data-t=\"{&quot;n&quot;:&quot;blueLinks&quot;}\"><em><strong>&#8220;Si l&#8217;UNRWA cesse d&#8217;exister, la question des r\u00e9fugi\u00e9s palestiniens ne dispara\u00eetra pas. Au contraire, la r\u00e9gion sera confront\u00e9e \u00e0 des cons\u00e9quences catastrophiques, avec des centaines de milliers de Palestiniens \u00e0 travers les territoires occup\u00e9s priv\u00e9s d&#8217;acc\u00e8s \u00e0 l&#8217;\u00e9ducation et aux soins de sant\u00e9&#8221;, a d\u00e9clar\u00e9 Lazzarini, notant que &#8220;cela cr\u00e9erait un vide que personne ne pourrait combler&#8221;.<\/strong><\/em><\/p>\n<p class=\"continue-read-break\" data-t=\"{&quot;n&quot;:&quot;blueLinks&quot;}\">L&#8217;ONU a r\u00e9affirm\u00e9 que l&#8217;UNRWA maintient une stricte neutralit\u00e9 et reste d\u00e9termin\u00e9e \u00e0 poursuivre son travail malgr\u00e9 l&#8217;interdiction sioniste faite \u00e0 l&#8217;agence de poursuivre ses activit\u00e9s dans les territoires occup\u00e9s.<\/p>\n<p class=\"continue-read-break\" data-t=\"{&quot;n&quot;:&quot;blueLinks&quot;}\"><a href=\"https:\/\/www.msn.com\/fr-xl\/afrique-du-nord\/other\/l-unrwa-affirme-que-son-d%C3%A9mant%C3%A8lement-aggraverait-la-situation-des-r%C3%A9fugi%C3%A9s-palestiniens\/ar-AA1A5Dc4?ocid=msedgntp&amp;pc=U531&amp;cvid=fd7b0b134eba4eb893a4aa185a43ecc0&amp;ei=20\">L&#8217;UNRWA affirme que son d\u00e9mant\u00e8lement aggraverait la situation des r\u00e9fugi\u00e9s palestiniens<\/a><\/p>\n","protected":false},"excerpt":{"rendered":"<p>Philippe Lazzarini, commissaire g\u00e9n\u00e9ral de l&#8217;UNRWA, a soulign\u00e9 samedi que l&#8217;agence repr\u00e9sente &#8220;l&#8217;\u00e9pine dorsale des op\u00e9rations d&#8217;aide humanitaire \u00e0 Ghaza&#8221;, pr\u00e9cisant qu&#8217;elle continuait de fournir des services de sant\u00e9 et d&#8217;\u00e9ducation aux r\u00e9fugi\u00e9s palestiniens en Cisjordanie occup\u00e9e, y compris \u00e0 El Qods-Est. Il a qualifi\u00e9 les attaques sionistes en cours contre l&#8217;UNRWA de &#8220;non seulement &hellip;<\/p>\n","protected":false},"author":2,"featured_media":14433,"comment_status":"open","ping_status":"open","sticky":false,"template":"","format":"standard","meta":{"footnotes":""},"categories":[18,29],"tags":[],"class_list":["post-14432","post","type-post","status-publish","format-standard","has-post-thumbnail","hentry","category-actualites","category-monde"],"_links":{"self":[{"href":"https:\/\/ladepeche.mr\/index.php?rest_route=\/wp\/v2\/posts\/14432","targetHints":{"allow":["GET"]}}],"collection":[{"href":"https:\/\/ladepeche.mr\/index.php?rest_route=\/wp\/v2\/posts"}],"about":[{"href":"https:\/\/ladepeche.mr\/index.php?rest_route=\/wp\/v2\/types\/post"}],"author":[{"embeddable":true,"href":"https:\/\/ladepeche.mr\/index.php?rest_route=\/wp\/v2\/users\/2"}],"replies":[{"embeddable":true,"href":"https:\/\/ladepeche.mr\/index.php?rest_route=%2Fwp%2Fv2%2Fcomments&post=14432"}],"version-history":[{"count":1,"href":"https:\/\/ladepeche.mr\/index.php?rest_route=\/wp\/v2\/posts\/14432\/revisions"}],"predecessor-version":[{"id":14434,"href":"https:\/\/ladepeche.mr\/index.php?rest_route=\/wp\/v2\/posts\/14432\/revisions\/14434"}],"wp:featuredmedia":[{"embeddable":true,"href":"https:\/\/ladepeche.mr\/index.php?rest_route=\/wp\/v2\/media\/14433"}],"wp:attachment":[{"href":"https:\/\/ladepeche.mr\/index.php?rest_route=%2Fwp%2Fv2%2Fmedia&parent=14432"}],"wp:term":[{"taxonomy":"category","embeddable":true,"href":"https:\/\/ladepeche.mr\/index.php?rest_route=%2Fwp%2Fv2%2Fcategories&post=14432"},{"taxonomy":"post_tag","embeddable":true,"href":"https:\/\/ladepeche.mr\/index.php?rest_route=%2Fwp%2Fv2%2Ftags&post=14432"}],"curies":[{"name":"wp","href":"https:\/\/api.w.org\/{rel}","templated":true}]}}