{"id":14435,"date":"2025-03-02T22:26:49","date_gmt":"2025-03-02T22:26:49","guid":{"rendered":"https:\/\/ladepeche.mr\/?p=14435"},"modified":"2025-03-02T22:26:49","modified_gmt":"2025-03-02T22:26:49","slug":"retour-a-nouakchott-du-premier-ministre","status":"publish","type":"post","link":"https:\/\/ladepeche.mr\/?p=14435","title":{"rendered":"Retour \u00e0 Nouakchott du Premier ministre"},"content":{"rendered":"<article id=\"post-266268\" class=\"post-266268 post type-post status-publish format-standard has-post-thumbnail  category-choix-du-redacteur category-fil-dactualite category-mauritanie category-slider-afficher category-slider-mauritanie single-post-content has-thumbnail\">\n<div class=\"entry-content clearfix single-post-content\">\n<p>Le Premier ministre Monsieur Moctar Ould Diay a regagn\u00e9, dimanche, Nouakchott en provenance des \u00c9mirats Arabes Unis (EAU), apr\u00e8s avoir remis un message \u00e9crit de Son Excellence le Pr\u00e9sident de la R\u00e9publique Monsieur Mohamed Ould Cheikh El Ghazouani \u00e0 son fr\u00e8re, Son Altesse Sheikh Mohamed bin Zayed Al Nahyan, Pr\u00e9sident des \u00c9mirats arabes unis (EAU).<\/p>\n<div class=\"heateorSssClear\">AMI<\/div>\n<\/div>\n<\/article>\n","protected":false},"excerpt":{"rendered":"<p>Le Premier ministre Monsieur Moctar Ould Diay a regagn\u00e9, dimanche, Nouakchott en provenance des \u00c9mirats Arabes Unis (EAU), apr\u00e8s avoir remis un message \u00e9crit de Son Excellence le Pr\u00e9sident de la R\u00e9publique Monsieur Mohamed Ould Cheikh El Ghazouani \u00e0 son fr\u00e8re, Son Altesse Sheikh Mohamed bin Zayed Al Nahyan, Pr\u00e9sident des \u00c9mirats arabes unis (EAU). &hellip;<\/p>\n","protected":false},"author":2,"featured_media":14436,"comment_status":"open","ping_status":"open","sticky":false,"template":"","format":"standard","meta":{"footnotes":""},"categories":[18],"tags":[],"class_list":["post-14435","post","type-post","status-publish","format-standard","has-post-thumbnail","hentry","category-actualites"],"_links":{"self":[{"href":"https:\/\/ladepeche.mr\/index.php?rest_route=\/wp\/v2\/posts\/14435","targetHints":{"allow":["GET"]}}],"collection":[{"href":"https:\/\/ladepeche.mr\/index.php?rest_route=\/wp\/v2\/posts"}],"about":[{"href":"https:\/\/ladepeche.mr\/index.php?rest_route=\/wp\/v2\/types\/post"}],"author":[{"embeddable":true,"href":"https:\/\/ladepeche.mr\/index.php?rest_route=\/wp\/v2\/users\/2"}],"replies":[{"embeddable":true,"href":"https:\/\/ladepeche.mr\/index.php?rest_route=%2Fwp%2Fv2%2Fcomments&post=14435"}],"version-history":[{"count":1,"href":"https:\/\/ladepeche.mr\/index.php?rest_route=\/wp\/v2\/posts\/14435\/revisions"}],"predecessor-version":[{"id":14437,"href":"https:\/\/ladepeche.mr\/index.php?rest_route=\/wp\/v2\/posts\/14435\/revisions\/14437"}],"wp:featuredmedia":[{"embeddable":true,"href":"https:\/\/ladepeche.mr\/index.php?rest_route=\/wp\/v2\/media\/14436"}],"wp:attachment":[{"href":"https:\/\/ladepeche.mr\/index.php?rest_route=%2Fwp%2Fv2%2Fmedia&parent=14435"}],"wp:term":[{"taxonomy":"category","embeddable":true,"href":"https:\/\/ladepeche.mr\/index.php?rest_route=%2Fwp%2Fv2%2Fcategories&post=14435"},{"taxonomy":"post_tag","embeddable":true,"href":"https:\/\/ladepeche.mr\/index.php?rest_route=%2Fwp%2Fv2%2Ftags&post=14435"}],"curies":[{"name":"wp","href":"https:\/\/api.w.org\/{rel}","templated":true}]}}