{"id":14442,"date":"2025-03-03T12:20:33","date_gmt":"2025-03-03T12:20:33","guid":{"rendered":"https:\/\/ladepeche.mr\/?p=14442"},"modified":"2025-03-03T12:20:33","modified_gmt":"2025-03-03T12:20:33","slug":"sommet-arabe-extraordinaire-le-president-de-la-republique-arrive-au-caire","status":"publish","type":"post","link":"https:\/\/ladepeche.mr\/?p=14442","title":{"rendered":"Sommet arabe extraordinaire: Le Pr\u00e9sident de la R\u00e9publique arrive au Caire"},"content":{"rendered":"<p>Son Excellence le Pr\u00e9sident de la R\u00e9publique, Monsieur Mohamed Ould Cheikh El Ghazouani, est arriv\u00e9, lundi matin, au Caire pour participer au sommet arabe extraordinaire, qui discutera d\u2019une position arabe commune rejetant tout d\u00e9placement des Palestiniens de leurs terres et affirmant l\u2019unit\u00e9 des arabes en vue de prendre les mesures qui s\u2019imposent pour pr\u00e9server leurs droits l\u00e9gitimes.<\/p>\n<p>Son Excellence le Pr\u00e9sident de la R\u00e9publique a \u00e9t\u00e9 re\u00e7u \u00e0 l\u2019a\u00e9roport international du Caire par le ministre \u00e9gyptien du Secteur des Affaires, l\u2019Ing\u00e9nieur Mohamed Chimi.<\/p>\n<p>Au cours de ce d\u00e9placement, Son Excellence le Pr\u00e9sident de la R\u00e9publique est accompagn\u00e9 par une importante d\u00e9l\u00e9gation comprenant :<\/p>\n<p>\u2013 M. Nani Ould Chrougha, ministre charg\u00e9 de cabinet du Pr\u00e9sident de la R\u00e9publique,<\/p>\n<p>\u2013 M. Mohamed Salem Ould Merzoug, ministre des Affaires \u00e9trang\u00e8res, de la Coop\u00e9ration africaine et des Mauritaniens de l\u2019Ext\u00e9rieur,<\/p>\n<p>\u2013 M. Ahmed Ould Nini, conseiller \u00e0 la Pr\u00e9sidence de la R\u00e9publique,<\/p>\n<p>\u2013 M. Ahmedou Ould Mohamed Radhi, conseiller \u00e0 la Pr\u00e9sidence de la R\u00e9publique,<\/p>\n<p>\u2013 M. Housseine Ould Deh, repr\u00e9sentant permanent de notre pays aupr\u00e8s de la Ligue des \u00c9tats arabes,<\/p>\n<p>\u2013 M. El Hassen Ould Ahmed, directeur g\u00e9n\u00e9ral du Protocole d\u2019Etat.<\/p>\n<p>Ami<\/p>\n","protected":false},"excerpt":{"rendered":"<p>Son Excellence le Pr\u00e9sident de la R\u00e9publique, Monsieur Mohamed Ould Cheikh El Ghazouani, est arriv\u00e9, lundi matin, au Caire pour participer au sommet arabe extraordinaire, qui discutera d\u2019une position arabe commune rejetant tout d\u00e9placement des Palestiniens de leurs terres et affirmant l\u2019unit\u00e9 des arabes en vue de prendre les mesures qui s\u2019imposent pour pr\u00e9server leurs &hellip;<\/p>\n","protected":false},"author":2,"featured_media":14443,"comment_status":"open","ping_status":"open","sticky":false,"template":"","format":"standard","meta":{"footnotes":""},"categories":[18,29],"tags":[],"class_list":["post-14442","post","type-post","status-publish","format-standard","has-post-thumbnail","hentry","category-actualites","category-monde"],"_links":{"self":[{"href":"https:\/\/ladepeche.mr\/index.php?rest_route=\/wp\/v2\/posts\/14442","targetHints":{"allow":["GET"]}}],"collection":[{"href":"https:\/\/ladepeche.mr\/index.php?rest_route=\/wp\/v2\/posts"}],"about":[{"href":"https:\/\/ladepeche.mr\/index.php?rest_route=\/wp\/v2\/types\/post"}],"author":[{"embeddable":true,"href":"https:\/\/ladepeche.mr\/index.php?rest_route=\/wp\/v2\/users\/2"}],"replies":[{"embeddable":true,"href":"https:\/\/ladepeche.mr\/index.php?rest_route=%2Fwp%2Fv2%2Fcomments&post=14442"}],"version-history":[{"count":1,"href":"https:\/\/ladepeche.mr\/index.php?rest_route=\/wp\/v2\/posts\/14442\/revisions"}],"predecessor-version":[{"id":14444,"href":"https:\/\/ladepeche.mr\/index.php?rest_route=\/wp\/v2\/posts\/14442\/revisions\/14444"}],"wp:featuredmedia":[{"embeddable":true,"href":"https:\/\/ladepeche.mr\/index.php?rest_route=\/wp\/v2\/media\/14443"}],"wp:attachment":[{"href":"https:\/\/ladepeche.mr\/index.php?rest_route=%2Fwp%2Fv2%2Fmedia&parent=14442"}],"wp:term":[{"taxonomy":"category","embeddable":true,"href":"https:\/\/ladepeche.mr\/index.php?rest_route=%2Fwp%2Fv2%2Fcategories&post=14442"},{"taxonomy":"post_tag","embeddable":true,"href":"https:\/\/ladepeche.mr\/index.php?rest_route=%2Fwp%2Fv2%2Ftags&post=14442"}],"curies":[{"name":"wp","href":"https:\/\/api.w.org\/{rel}","templated":true}]}}