{"id":14445,"date":"2025-03-03T12:53:46","date_gmt":"2025-03-03T12:53:46","guid":{"rendered":"https:\/\/ladepeche.mr\/?p=14445"},"modified":"2025-03-03T12:53:46","modified_gmt":"2025-03-03T12:53:46","slug":"ils-detruisent-ma-maison-en-cisjordanie-larmee-israelienne-rase-les-camps-de-refugies-vides","status":"publish","type":"post","link":"https:\/\/ladepeche.mr\/?p=14445","title":{"rendered":"\u00abIls d\u00e9truisent ma maison\u00bb: en Cisjordanie, l&#8217;arm\u00e9e isra\u00e9lienne rase les camps de r\u00e9fugi\u00e9s vid\u00e9s"},"content":{"rendered":"<p class=\"t-content__chapo\">En Cisjordanie, autre partie du territoire palestinien, l&#8217;arm\u00e9e isra\u00e9lienne continue de d\u00e9truire trois camps de r\u00e9fugi\u00e9s vid\u00e9s de leur population. Au moins 40\u00a0000 personnes ont \u00e9t\u00e9 forc\u00e9es de quitter leur foyer.<\/p>\n<div class=\"t-content__dates t-content__dates--reading-time\">\n<p>\u00ab\u00a0<em>Regardez<\/em>\u00a0<em>! Ils sont en train de d\u00e9truire ma maison. Tu vois le bulldozer l\u00e0-bas<\/em>\u00a0<em>?<\/em>\u00a0\u00bb, se d\u00e9sesp\u00e8re cet habitant qui, au sommet d&#8217;une colline, entour\u00e9s d&#8217;hommes et d&#8217;enfants, observe le travail de l&#8217;arm\u00e9e isra\u00e9lienne dans le camp de Nour Shams, en\u00a0<strong><a class=\"gtm-add-suggested-tag\" href=\"https:\/\/www.rfi.fr\/fr\/tag\/territoires-palestiniens\/\" target=\"_self\">territoire palestinien<\/a><\/strong>. Depuis plus d&#8217;un an, de raid en raid, le lieu se transforme en champ de ruines.<\/p>\n<p>\u00ab\u00a0<em>Nous sommes beaucoup \u00e0 venir ici pour voir nos maisons. L&#8217;arm\u00e9e isra\u00e9lienne les d\u00e9truit ou les br\u00fble. On ne peut rien faire. Ici, c&#8217;est le plus pr\u00e8s qu&#8217;on puisse \u00eatre tout en \u00e9tant en s\u00e9curit\u00e9. Enfin, pas vraiment en s\u00e9curit\u00e9. Hier, ils sont venus et nous ont tir\u00e9 dessus directement. Ils ne veulent pas que les gens et les journalistes voient leurs crimes<\/em>\u00a0\u00bb, abonde un autre.<\/p>\n<h2>\u00ab\u00a0<em>Ils veulent effacer toute trace de notre droit au retour<\/em>\u00a0\u00bb<\/h2>\n<p>Ces camps accueillent les familles qui ont \u00e9t\u00e9 expuls\u00e9es ou ont fui leur terre il y a 77 ans, lors de la cr\u00e9ation de l&#8217;\u00c9tat d&#8217;<strong><a class=\"gtm-add-suggested-tag\" href=\"https:\/\/www.rfi.fr\/fr\/tag\/isra%C3%ABl\/\" target=\"_self\">Isra\u00ebl<\/a><\/strong>. Encadr\u00e9s par les Nations unies, ce sont aujourd&#8217;hui de petites villes aux maisons enchev\u00eatr\u00e9es. Selon cet habitant, \u00ab\u00a0<em>l&#8217;arm\u00e9e isra\u00e9lienne veut cr\u00e9er de grandes art\u00e8res pour mieux contr\u00f4ler ce qu&#8217;ils consid\u00e8rent comme un foyer du terrorisme qui peut s&#8217;embraser \u00e0 tout moment, parce que nous avons grandi dans l&#8217;attente de rentrer un jour sur nos terres<\/em>\u00a0\u00bb. Et d&#8217;ajouter\u00a0: \u00ab\u00a0<em>C&#8217;est la deuxi\u00e8me fois qu&#8217;ils nous d\u00e9logent. Ils veulent effacer toute trace de notre droit au retour.<\/em>\u00a0\u00bb<\/p>\n<p>Depuis l&#8217;ann\u00e9e derni\u00e8re,\u00a0l&#8217;arm\u00e9e isra\u00e9lienne m\u00e8ne des op\u00e9rations dans les camps de r\u00e9fugi\u00e9s palestiniens. Cette op\u00e9ration a \u00e9t\u00e9 particuli\u00e8rement longue et s&#8217;est d\u00e9roul\u00e9e sur trois jours. Quatorze Palestiniens ont \u00e9t\u00e9 tu\u00e9s et 15 autres arr\u00eat\u00e9s. En avril 2024, une op\u00e9ration militaire, la plus violente \u2013\u00a0depuis 2002\u00a0selon\u00a0<a href=\"https:\/\/french.wafa.ps\/Pages\/Details\/217735\" target=\"_blank\" rel=\"noopener\"><strong>l&#8217;agence de presse palestinienne Wafa<\/strong><\/a>\u00a0\u2013 dans le camp de r\u00e9fugi\u00e9s de Nour Shams, en\u00a0<strong><a href=\"https:\/\/www.rfi.fr\/fr\/tag\/territoires-palestiniens\/\" target=\"_self\">Cisjordanie occup\u00e9e<\/a><\/strong>, avait men\u00e9 \u00e0 la mort de 14 Palestiniens.<\/p>\n<p>En septembre dernier, l&#8217;Assembl\u00e9e g\u00e9n\u00e9rale des\u00a0<strong><a href=\"https:\/\/www.rfi.fr\/fr\/tag\/onu\/\" target=\"_self\">Nations unies<\/a><\/strong>\u00a0a donn\u00e9 un an \u00e0 Isra\u00ebl pour mettre fin \u00e0 sa pr\u00e9sence illicite sur le territoire palestinien occup\u00e9.<\/p>\n<p><a href=\"https:\/\/www.rfi.fr\/fr\/moyen-orient\/20250302-ils-d%C3%A9truisent-ma-maison-en-cisjordanie-l-arm%C3%A9e-isra%C3%A9lienne-rase-les-camps-de-r%C3%A9fugi%C3%A9s-vides?utm_medium=email&amp;utm_campaign=newsletter&amp;utm_source=rfi-nl-afrique-fr&amp;utm_email_send_date=%2020250303&amp;utm_email_recipient=245770&amp;utm_email_link=contenus&amp;_ope=eyJndWlkIjoiOTMwMjIwNGY3ZmZhNzMxODU0NDI3OTA1ZjdiOTc4NGUifQ%3D%3D\">\u00abIls d\u00e9truisent ma maison\u00bb: en Cisjordanie, l&#8217;arm\u00e9e isra\u00e9lienne rase les camps de r\u00e9fugi\u00e9s vides<\/a><\/p>\n<\/div>\n","protected":false},"excerpt":{"rendered":"<p>En Cisjordanie, autre partie du territoire palestinien, l&#8217;arm\u00e9e isra\u00e9lienne continue de d\u00e9truire trois camps de r\u00e9fugi\u00e9s vid\u00e9s de leur population. Au moins 40\u00a0000 personnes ont \u00e9t\u00e9 forc\u00e9es de quitter leur foyer. \u00ab\u00a0Regardez\u00a0! Ils sont en train de d\u00e9truire ma maison. Tu vois le bulldozer l\u00e0-bas\u00a0?\u00a0\u00bb, se d\u00e9sesp\u00e8re cet habitant qui, au sommet d&#8217;une colline, entour\u00e9s &hellip;<\/p>\n","protected":false},"author":2,"featured_media":14446,"comment_status":"open","ping_status":"open","sticky":false,"template":"","format":"standard","meta":{"footnotes":""},"categories":[18,29],"tags":[],"class_list":["post-14445","post","type-post","status-publish","format-standard","has-post-thumbnail","hentry","category-actualites","category-monde"],"_links":{"self":[{"href":"https:\/\/ladepeche.mr\/index.php?rest_route=\/wp\/v2\/posts\/14445","targetHints":{"allow":["GET"]}}],"collection":[{"href":"https:\/\/ladepeche.mr\/index.php?rest_route=\/wp\/v2\/posts"}],"about":[{"href":"https:\/\/ladepeche.mr\/index.php?rest_route=\/wp\/v2\/types\/post"}],"author":[{"embeddable":true,"href":"https:\/\/ladepeche.mr\/index.php?rest_route=\/wp\/v2\/users\/2"}],"replies":[{"embeddable":true,"href":"https:\/\/ladepeche.mr\/index.php?rest_route=%2Fwp%2Fv2%2Fcomments&post=14445"}],"version-history":[{"count":1,"href":"https:\/\/ladepeche.mr\/index.php?rest_route=\/wp\/v2\/posts\/14445\/revisions"}],"predecessor-version":[{"id":14447,"href":"https:\/\/ladepeche.mr\/index.php?rest_route=\/wp\/v2\/posts\/14445\/revisions\/14447"}],"wp:featuredmedia":[{"embeddable":true,"href":"https:\/\/ladepeche.mr\/index.php?rest_route=\/wp\/v2\/media\/14446"}],"wp:attachment":[{"href":"https:\/\/ladepeche.mr\/index.php?rest_route=%2Fwp%2Fv2%2Fmedia&parent=14445"}],"wp:term":[{"taxonomy":"category","embeddable":true,"href":"https:\/\/ladepeche.mr\/index.php?rest_route=%2Fwp%2Fv2%2Fcategories&post=14445"},{"taxonomy":"post_tag","embeddable":true,"href":"https:\/\/ladepeche.mr\/index.php?rest_route=%2Fwp%2Fv2%2Ftags&post=14445"}],"curies":[{"name":"wp","href":"https:\/\/api.w.org\/{rel}","templated":true}]}}