{"id":14448,"date":"2025-03-03T14:45:31","date_gmt":"2025-03-03T14:45:31","guid":{"rendered":"https:\/\/ladepeche.mr\/?p=14448"},"modified":"2025-03-03T14:45:31","modified_gmt":"2025-03-03T14:45:31","slug":"israel-reprise-du-proces-de-netanyahu-pour-corruption","status":"publish","type":"post","link":"https:\/\/ladepeche.mr\/?p=14448","title":{"rendered":"Isra\u00ebl : reprise du proc\u00e8s de Netanyahu pour corruption"},"content":{"rendered":"<p data-t=\"{&quot;n&quot;:&quot;blueLinks&quot;}\"><strong>De retour \u00e0 la barre, le premier ministre isra\u00e9lien Benjamin Netanyahu t\u00e9moigne ce lundi, dans le cadre d&#8217;un proc\u00e8s en cours pour corruption pr\u00e9sum\u00e9e.<\/strong><\/p>\n<div class=\"article-image-slot image-slot-placeholder\" data-doc-id=\"cms\/api\/amp\/image\/AA1A8JDk\">\n<div class=\"article-image-slot\">\n<div class=\"article-image-container polished\" data-t=\"{&quot;n&quot;:&quot;OpenModal&quot;,&quot;t&quot;:13,&quot;b&quot;:8,&quot;c.i&quot;:&quot;AA1A8CXJ&quot;,&quot;c.l&quot;:false,&quot;c.t&quot;:13,&quot;c.v&quot;:&quot;news&quot;,&quot;c.c&quot;:&quot;others&quot;,&quot;c.b&quot;:&quot;Euronews fran\u00e7ais&quot;,&quot;c.bi&quot;:&quot;AA2qy7x&quot;,&quot;c.tv&quot;:&quot;politics&quot;,&quot;c.tc&quot;:&quot;government&quot;,&quot;c.hl&quot;:&quot;Isra\u00ebl : reprise du proc\u00e8s de Netanyahu pour corruption&quot;}\" data-test-id=\"AA1A8JDk\">\n<p data-t=\"{&quot;n&quot;:&quot;blueLinks&quot;}\">Netanyahu est le premier dirigeant isra\u00e9lien en exercice \u00e0 \u00eatre jug\u00e9 au p\u00e9nal. Cette affaire constitue un nouveau coup dur pour le plus ancien dirigeant d\u2019Isra\u00ebl, qui fait \u00e9galement l&#8217;objet d&#8217;un mandat d&#8217;arr\u00eat international pour crimes de guerre pr\u00e9sum\u00e9s dans le cadre du conflit \u00e0 Gaza.<\/p>\n<p class=\"continue-read-break\" data-t=\"{&quot;n&quot;:&quot;blueLinks&quot;}\">Lors de ses comparutions devant le tribunal, Netanyahu r\u00e9pondra \u00e0 des accusations de fraude, d&#8217;abus de confiance et de corruption.<\/p>\n<p data-t=\"{&quot;n&quot;:&quot;blueLinks&quot;}\">Lui et son \u00e9pouse, Sara, sont accus\u00e9s d&#8217;avoir accept\u00e9 plus de 260 000 dollars de produits de luxe de la part du producteur hollywoodien d\u2019origine isra\u00e9lienne Arnon Milchan et l\u2019homme d\u2019affaires australien James Packer, en \u00e9change de faveurs politiques.<\/p>\n<p data-t=\"{&quot;n&quot;:&quot;blueLinks&quot;}\">\u00c0 cette accusation s\u2019ajoute celle d&#8217;avoir tent\u00e9 de n\u00e9gocier une couverture plus favorable de la part d&#8217;un \u00e9diteur du premier quotidien national payant, en \u00e9change de la promesse d\u2019une loi qui aurait entrav\u00e9 la circulation du journal gratuit populaire en Isra\u00ebl.<\/p>\n<p data-t=\"{&quot;n&quot;:&quot;blueLinks&quot;}\">\u00c2g\u00e9 de 75 ans, Netanyahu nie avoir commis des actes r\u00e9pr\u00e9hensibles et affirme que ces accusations sont une chasse aux sorci\u00e8res orchestr\u00e9e par des m\u00e9dias hostiles et un syst\u00e8me judiciaire partial, d\u00e9sireux de renverser son long r\u00e8gne.<\/p>\n<p data-t=\"{&quot;n&quot;:&quot;blueLinks&quot;}\"><a href=\"https:\/\/www.msn.com\/fr-xl\/actualite\/other\/isra%C3%ABl-reprise-du-proc%C3%A8s-de-netanyahu-pour-corruption\/ar-AA1A8CXJ?ocid=msedgntp&amp;pc=U531&amp;cvid=ef567c59b29e47f38180d0863d91113f&amp;ei=34\">Isra\u00ebl : reprise du proc\u00e8s de Netanyahu pour corruption<\/a><\/p>\n<\/div>\n<\/div>\n<\/div>\n","protected":false},"excerpt":{"rendered":"<p>De retour \u00e0 la barre, le premier ministre isra\u00e9lien Benjamin Netanyahu t\u00e9moigne ce lundi, dans le cadre d&#8217;un proc\u00e8s en cours pour corruption pr\u00e9sum\u00e9e. Netanyahu est le premier dirigeant isra\u00e9lien en exercice \u00e0 \u00eatre jug\u00e9 au p\u00e9nal. Cette affaire constitue un nouveau coup dur pour le plus ancien dirigeant d\u2019Isra\u00ebl, qui fait \u00e9galement l&#8217;objet d&#8217;un &hellip;<\/p>\n","protected":false},"author":2,"featured_media":14449,"comment_status":"open","ping_status":"open","sticky":false,"template":"","format":"standard","meta":{"footnotes":""},"categories":[18,29],"tags":[],"class_list":["post-14448","post","type-post","status-publish","format-standard","has-post-thumbnail","hentry","category-actualites","category-monde"],"_links":{"self":[{"href":"https:\/\/ladepeche.mr\/index.php?rest_route=\/wp\/v2\/posts\/14448","targetHints":{"allow":["GET"]}}],"collection":[{"href":"https:\/\/ladepeche.mr\/index.php?rest_route=\/wp\/v2\/posts"}],"about":[{"href":"https:\/\/ladepeche.mr\/index.php?rest_route=\/wp\/v2\/types\/post"}],"author":[{"embeddable":true,"href":"https:\/\/ladepeche.mr\/index.php?rest_route=\/wp\/v2\/users\/2"}],"replies":[{"embeddable":true,"href":"https:\/\/ladepeche.mr\/index.php?rest_route=%2Fwp%2Fv2%2Fcomments&post=14448"}],"version-history":[{"count":1,"href":"https:\/\/ladepeche.mr\/index.php?rest_route=\/wp\/v2\/posts\/14448\/revisions"}],"predecessor-version":[{"id":14450,"href":"https:\/\/ladepeche.mr\/index.php?rest_route=\/wp\/v2\/posts\/14448\/revisions\/14450"}],"wp:featuredmedia":[{"embeddable":true,"href":"https:\/\/ladepeche.mr\/index.php?rest_route=\/wp\/v2\/media\/14449"}],"wp:attachment":[{"href":"https:\/\/ladepeche.mr\/index.php?rest_route=%2Fwp%2Fv2%2Fmedia&parent=14448"}],"wp:term":[{"taxonomy":"category","embeddable":true,"href":"https:\/\/ladepeche.mr\/index.php?rest_route=%2Fwp%2Fv2%2Fcategories&post=14448"},{"taxonomy":"post_tag","embeddable":true,"href":"https:\/\/ladepeche.mr\/index.php?rest_route=%2Fwp%2Fv2%2Ftags&post=14448"}],"curies":[{"name":"wp","href":"https:\/\/api.w.org\/{rel}","templated":true}]}}