{"id":14451,"date":"2025-03-04T12:43:40","date_gmt":"2025-03-04T12:43:40","guid":{"rendered":"https:\/\/ladepeche.mr\/?p=14451"},"modified":"2025-03-04T12:43:40","modified_gmt":"2025-03-04T12:43:40","slug":"bad-communique","status":"publish","type":"post","link":"https:\/\/ladepeche.mr\/?p=14451","title":{"rendered":"BAD: Communiqu\u00e9"},"content":{"rendered":"<p>Les Assembl\u00e9es annuelles du Groupe de la Banque africaine de d\u00e9veloppement se tiendront du 26 au 30 mai 2025 \u00e0 Abidjan, en R\u00e9publique de C\u00f4te d\u2019Ivoire, sur le th\u00e8me : \u00ab\u00a0<strong>Tirer le meilleur parti du capital de l\u2019Afrique pour favoriser son d\u00e9veloppement\u00a0\u00bb<\/strong>.<\/p>\n<p>Ce th\u00e8me strat\u00e9gique vise \u00e0 identifier et exploiter les opportunit\u00e9s offertes par le capital africain \u2013 humain, naturel, financier et commercial \u2013 comme moteur principal de la transformation structurelle du continent.<\/p>\n<p>Ainsi, les discussions aborderont-elles des aspects transversaux essentiels tels que la transformation num\u00e9rique, le renforcement institutionnel et la bonne gouvernance. Cette approche holistique s\u2019inscrit dans la r\u00e9alisation des Objectifs de d\u00e9veloppement durable, de l\u2019Accord de Paris sur le climat, de l\u2019Agenda 2063 et des\u00a0<span lang=\"FR\">\u00ab\u00a0<\/span>High-5\u00a0<span lang=\"FR\">\u00bb<\/span>\u00a0de la Banque.<\/p>\n<p>Les Assembl\u00e9es annuelles sont l\u2019\u00e9v\u00e9nement le plus important de l\u2019institution. Elles comprennent la 60<sup>e<\/sup>\u00a0Assembl\u00e9e annuelle du Conseil des gouverneurs de la Banque africaine de d\u00e9veloppement et la 51<sup>e<\/sup>\u00a0Assembl\u00e9e annuelle du Conseil des gouverneurs du Fonds africain de d\u00e9veloppement, le guichet concessionnel du Groupe de la Banque.<\/p>\n<p>Plus de 3 000 participants sont attendus, notamment plusieurs chefs d\u2019\u00c9tat, les ministres des finances et les gouverneurs des banques centrales des 81\u00a0pays membres de l\u2019institution, des responsables d\u2019institutions financi\u00e8res et de d\u00e9veloppement, des groupes de r\u00e9flexion, des ONG, des acteurs du secteur priv\u00e9, des universitaires et des leaders d\u2019opinion.<\/p>\n<p>Cette ann\u00e9e, les Conseils des gouverneurs de la Banque africaine de d\u00e9veloppement et du Fonds africain de d\u00e9veloppement, \u00e9liront un nouveau pr\u00e9sident \u00e0 la t\u00eate de l\u2019institution pour les cinq prochaines ann\u00e9es. Le pr\u00e9sident actuel du Groupe de la Banque, M. Akinwumi A. Adesina, achevant son deuxi\u00e8me et dernier mandat.<\/p>\n<p>Les Assembl\u00e9es annuelles permettent au Groupe de la Banque \u2013 constitu\u00e9 de la Banque africaine de d\u00e9veloppement, du Fonds africain de d\u00e9veloppement et du Fonds sp\u00e9cial du Nig\u00e9ria \u2013 de faire le point, avec les actionnaires, sur les progr\u00e8s r\u00e9alis\u00e9s au cours de l\u2019ann\u00e9e \u00e9coul\u00e9e. Elles constituent un forum unique d\u2019\u00e9change sur des questions cl\u00e9s concernant le d\u00e9veloppement de l\u2019Afrique pour les repr\u00e9sentants des gouvernements et les autres participants, dont les repr\u00e9sentants des m\u00e9dias.<\/p>\n<p>Outre les r\u00e9unions statutaires des gouverneurs de la Banque et du Fonds, les Assembl\u00e9es 2025 seront ponctu\u00e9es par des \u00e9v\u00e9nements li\u00e9s au savoir organis\u00e9s par la Banque et le pays h\u00f4te.<\/p>\n","protected":false},"excerpt":{"rendered":"<p>Les Assembl\u00e9es annuelles du Groupe de la Banque africaine de d\u00e9veloppement se tiendront du 26 au 30 mai 2025 \u00e0 Abidjan, en R\u00e9publique de C\u00f4te d\u2019Ivoire, sur le th\u00e8me : \u00ab\u00a0Tirer le meilleur parti du capital de l\u2019Afrique pour favoriser son d\u00e9veloppement\u00a0\u00bb. Ce th\u00e8me strat\u00e9gique vise \u00e0 identifier et exploiter les opportunit\u00e9s offertes par le &hellip;<\/p>\n","protected":false},"author":2,"featured_media":1868,"comment_status":"open","ping_status":"open","sticky":false,"template":"","format":"standard","meta":{"footnotes":""},"categories":[18,29],"tags":[],"class_list":["post-14451","post","type-post","status-publish","format-standard","has-post-thumbnail","hentry","category-actualites","category-monde"],"_links":{"self":[{"href":"https:\/\/ladepeche.mr\/index.php?rest_route=\/wp\/v2\/posts\/14451","targetHints":{"allow":["GET"]}}],"collection":[{"href":"https:\/\/ladepeche.mr\/index.php?rest_route=\/wp\/v2\/posts"}],"about":[{"href":"https:\/\/ladepeche.mr\/index.php?rest_route=\/wp\/v2\/types\/post"}],"author":[{"embeddable":true,"href":"https:\/\/ladepeche.mr\/index.php?rest_route=\/wp\/v2\/users\/2"}],"replies":[{"embeddable":true,"href":"https:\/\/ladepeche.mr\/index.php?rest_route=%2Fwp%2Fv2%2Fcomments&post=14451"}],"version-history":[{"count":1,"href":"https:\/\/ladepeche.mr\/index.php?rest_route=\/wp\/v2\/posts\/14451\/revisions"}],"predecessor-version":[{"id":14452,"href":"https:\/\/ladepeche.mr\/index.php?rest_route=\/wp\/v2\/posts\/14451\/revisions\/14452"}],"wp:featuredmedia":[{"embeddable":true,"href":"https:\/\/ladepeche.mr\/index.php?rest_route=\/wp\/v2\/media\/1868"}],"wp:attachment":[{"href":"https:\/\/ladepeche.mr\/index.php?rest_route=%2Fwp%2Fv2%2Fmedia&parent=14451"}],"wp:term":[{"taxonomy":"category","embeddable":true,"href":"https:\/\/ladepeche.mr\/index.php?rest_route=%2Fwp%2Fv2%2Fcategories&post=14451"},{"taxonomy":"post_tag","embeddable":true,"href":"https:\/\/ladepeche.mr\/index.php?rest_route=%2Fwp%2Fv2%2Ftags&post=14451"}],"curies":[{"name":"wp","href":"https:\/\/api.w.org\/{rel}","templated":true}]}}