{"id":14458,"date":"2025-03-04T15:53:16","date_gmt":"2025-03-04T15:53:16","guid":{"rendered":"https:\/\/ladepeche.mr\/?p=14458"},"modified":"2025-03-04T15:53:16","modified_gmt":"2025-03-04T15:53:16","slug":"monetisation-carbone-ou-en-est-on-de-laccord-somelec-aera-group","status":"publish","type":"post","link":"https:\/\/ladepeche.mr\/?p=14458","title":{"rendered":"Mon\u00e9tisation carbone\u00a0: O\u00f9 en est-on de l\u2019accord Somelec- Aera Group?"},"content":{"rendered":"<p>Janvier 2018, le groupe fran\u00e7ais, investi dans la finance carbone en Afrique, Aera Group, inaugurait, avec la Somelec, le lancement d\u2019une certification carbone pour les projets d\u2019\u00e9nergies renouvelables. Aera Group devait se charger, sur 10 ans, de la mon\u00e9tisation des cr\u00e9dits carbone afin \u00ab\u00a0de g\u00e9n\u00e9rer des revenus compl\u00e9mentaires pour la SOMELEC\u00bb. O\u00f9 en est-on\u00a0? C\u2019est encore la nuit et le brouillard.<\/p>\n<p>Sept ans se sont \u00e9coul\u00e9s depuis l\u2019accord qualifi\u00e9 de \u00ab\u00a0pionnier\u00a0\u00bb dans le domaine entre la Soci\u00e9t\u00e9 mauritanienne d&#8217;\u00e9lectricit\u00e9 (SOMELEC) et Aera Group pour la finance carbone. Pourtant aucune information ne filtre sur ce montage que l\u2019entreprise fran\u00e7aise a promis de mettre en \u0153uvre pour le compte de la Somelec. Contact\u00e9e par nos soins, l\u2019entreprise fran\u00e7aise ne r\u00e9pond pas. Un silence radio qui inqui\u00e8te sur le processus suivi d\u2019autant plus que la Somelec, elle non plus, ne se montre pas prolixe sur le sujet.<br \/>\nPlac\u00e9 dans le cadre de la lutte contre le r\u00e9chauffement climatique, le projet a vite emball\u00e9 pour son cachet \u00ab vert \u00bb. La mise en place du projet remonte \u00e0 l\u2019\u00e8re du pr\u00e9sident Aziz. Et les fran\u00e7ais de Aera Group juraient par tous les saints qu\u2019il rapporterait gros \u00e0 la tr\u00e9sorerie de la Somelec. Dans les usages internationaux, le prix moyen d&#8217;un cr\u00e9dit carbone se situe entre 10\u20ac et 500\u20ac la tonne de CO2. Un cashflow sonnant et tr\u00e9buchant dont ne pouvait se passer l\u2019entreprise dirig\u00e9e par Merkhi, homme de main du pr\u00e9sident Aziz. Aera Group avait m\u00eame \u00e9valu\u00e9 les projets d\u2019\u00e9nergies renouvelables d\u00e9ploy\u00e9s dans les efforts de lutte contre le r\u00e9chauffement climatique \u00e0 une puissance de 195 MW en plus de 16 MW install\u00e9e au niveau des centrales hybrides de 11 villes \u00e0 l\u2019int\u00e9rieur du pays. \u00abPr\u00e8s de 350.000 tonnes d\u2019\u00e9missions \u00e9quivalent CO2 seront ainsi \u00e9vit\u00e9es chaque ann\u00e9e par ces moyens de production \u00e9lectrique \u00bb assurait ce partenariat Somelec- Aera Group. Mieux ce potentiel devait \u00eatre renforc\u00e9 par la mise en service d\u2019un parc \u00e9olien de 100 MW cens\u00e9 porter \u00e0 pr\u00e8s de 200 MW la puissance des centrales vertes raccord\u00e9es au r\u00e9seau.<\/p>\n<p>A l\u2019heure actuelle, aucune des deux parties ne veut apparemment s\u2019en ouvrir aux m\u00e9dias au d\u00e9triment de la transparence sur cet accord. Peut-\u00eatre m\u00eame que les deux parties ont int\u00e9r\u00eat \u00e0 garder le silence sur un projet qui pourrait in fine avoir \u00e9chou\u00e9. Ce qui est s\u00fbr c\u2019est que le d\u00e9ficit de transparence suscite toutes les supputations.<\/p>\n<p>JD<\/p>\n","protected":false},"excerpt":{"rendered":"<p>Janvier 2018, le groupe fran\u00e7ais, investi dans la finance carbone en Afrique, Aera Group, inaugurait, avec la Somelec, le lancement d\u2019une certification carbone pour les projets d\u2019\u00e9nergies renouvelables. Aera Group devait se charger, sur 10 ans, de la mon\u00e9tisation des cr\u00e9dits carbone afin \u00ab\u00a0de g\u00e9n\u00e9rer des revenus compl\u00e9mentaires pour la SOMELEC\u00bb. O\u00f9 en est-on\u00a0? C\u2019est &hellip;<\/p>\n","protected":false},"author":2,"featured_media":14459,"comment_status":"open","ping_status":"open","sticky":false,"template":"","format":"standard","meta":{"footnotes":""},"categories":[18,2],"tags":[],"class_list":["post-14458","post","type-post","status-publish","format-standard","has-post-thumbnail","hentry","category-actualites","category-economie"],"_links":{"self":[{"href":"https:\/\/ladepeche.mr\/index.php?rest_route=\/wp\/v2\/posts\/14458","targetHints":{"allow":["GET"]}}],"collection":[{"href":"https:\/\/ladepeche.mr\/index.php?rest_route=\/wp\/v2\/posts"}],"about":[{"href":"https:\/\/ladepeche.mr\/index.php?rest_route=\/wp\/v2\/types\/post"}],"author":[{"embeddable":true,"href":"https:\/\/ladepeche.mr\/index.php?rest_route=\/wp\/v2\/users\/2"}],"replies":[{"embeddable":true,"href":"https:\/\/ladepeche.mr\/index.php?rest_route=%2Fwp%2Fv2%2Fcomments&post=14458"}],"version-history":[{"count":1,"href":"https:\/\/ladepeche.mr\/index.php?rest_route=\/wp\/v2\/posts\/14458\/revisions"}],"predecessor-version":[{"id":14460,"href":"https:\/\/ladepeche.mr\/index.php?rest_route=\/wp\/v2\/posts\/14458\/revisions\/14460"}],"wp:featuredmedia":[{"embeddable":true,"href":"https:\/\/ladepeche.mr\/index.php?rest_route=\/wp\/v2\/media\/14459"}],"wp:attachment":[{"href":"https:\/\/ladepeche.mr\/index.php?rest_route=%2Fwp%2Fv2%2Fmedia&parent=14458"}],"wp:term":[{"taxonomy":"category","embeddable":true,"href":"https:\/\/ladepeche.mr\/index.php?rest_route=%2Fwp%2Fv2%2Fcategories&post=14458"},{"taxonomy":"post_tag","embeddable":true,"href":"https:\/\/ladepeche.mr\/index.php?rest_route=%2Fwp%2Fv2%2Ftags&post=14458"}],"curies":[{"name":"wp","href":"https:\/\/api.w.org\/{rel}","templated":true}]}}