{"id":14462,"date":"2025-03-04T16:15:06","date_gmt":"2025-03-04T16:15:06","guid":{"rendered":"https:\/\/ladepeche.mr\/?p=14462"},"modified":"2025-03-04T16:15:06","modified_gmt":"2025-03-04T16:15:06","slug":"operation-ramadan-1446-une-politique-royale-profondement-humaniste-et-solidaire","status":"publish","type":"post","link":"https:\/\/ladepeche.mr\/?p=14462","title":{"rendered":"Op\u00e9ration \u00ab Ramadan 1446 \u00bb: Une politique Royale profond\u00e9ment humaniste et solidaire"},"content":{"rendered":"<p>L&#8217;op\u00e9ration nationale &#8220;Ramadan 1446&#8221;, initi\u00e9e par la Fondation Mohammed V pour la<br \/>\nSolidarit\u00e9, a \u00e9t\u00e9 officiellement lanc\u00e9e hier \u00e0 Rabat sous les Hautes Instructions de Sa Majest\u00e9 le Roi Mohammed VI, avec la participation de Son Altesse Royale le Prince H\u00e9ritier Moulay El Hassan et Son Altesse Royale la Princesse Lalla Khadija.<\/p>\n<p>Mobilisant une enveloppe budg\u00e9taire globale de 330 millions de dirhams, cette action de g\u00e9n\u00e9rosit\u00e9 porte sur la distribution de 34.280 tonnes de produits alimentaires et vise \u00e0 apporter aide et r\u00e9confort aux cat\u00e9gories sociales les plus vuln\u00e9rables. Pour cette \u00e9dition, 74% des m\u00e9nages b\u00e9n\u00e9ficiaires, r\u00e9sident en milieu rural et sont r\u00e9partis dans 1.054 communes, sur un total de 1.304 communes cibl\u00e9es \u00e0 travers l\u2019ensemble du territoire national.<\/p>\n<p>Cette action de solidarit\u00e9, devenue une tradition depuis plus de 25 ans, b\u00e9n\u00e9ficiera \u00e0 pr\u00e8s de 5 millions de personnes (soit 01 million de m\u00e9nages) \u00e0 travers le Maroc, avec une priorit\u00e9 accord\u00e9e aux populations rurales et aux personnes en situation de vuln\u00e9rabilit\u00e9 sociale (veuves, personnes \u00e2g\u00e9es, personnes en situation de handicap), en fonction donn\u00e9es socio-\u00e9conomiques des m\u00e9nages enregistr\u00e9s au Registre Social Unifi\u00e9 (RSU) par le minist\u00e8re de l\u2019Int\u00e9rieur.<\/p>\n<p>Pour le bon d\u00e9roulement et le controle de la qualit\u00e9 des produits alimentaires qui seront distribu\u00e9s, l\u2019op\u00e9ration est men\u00e9e avec l\u2019appui du minist\u00e8re de l\u2019Int\u00e9rieur, celui des Habous et des Affaires Islamiques, ainsi que plusieurs autres institutions et administrations publiques, particuli\u00e8rement les Forces Arm\u00e9es Royales, la Gendarmerie Royale, ONCF, ONEE, minist\u00e8re de la Sant\u00e9.<\/p>\n<p>A cette occasion, SAR le Prince H\u00e9ritier Moulay El Hassan et SAR la Princesse Lalla Khadija ont remis, \u00e0 titre symbolique, des paniers de denr\u00e9es alimentaires \u00e0 20 chefs ou repr\u00e9sentants de familles b\u00e9n\u00e9ficiaires de l\u2019op\u00e9ration &#8220;Ramadan 1446&#8221;, avant de poser pour une photo-souvenir avec des b\u00e9n\u00e9voles qui participent \u00e0 cette op\u00e9ration solidaire.<\/p>\n<p>Cette initiative, qui s\u2019inscrit en droite ligne avec le programme humanitaire men\u00e9 par la Fondation Mohammed V pour la Solidarit\u00e9, incarne la Haute Sollicitude Royale envers les citoyens en situation de pr\u00e9carit\u00e9, particuli\u00e8rement durant le mois sacr\u00e9 de Ramadan.<\/p>\n<p>(agence)<\/p>\n","protected":false},"excerpt":{"rendered":"<p>L&#8217;op\u00e9ration nationale &#8220;Ramadan 1446&#8221;, initi\u00e9e par la Fondation Mohammed V pour la Solidarit\u00e9, a \u00e9t\u00e9 officiellement lanc\u00e9e hier \u00e0 Rabat sous les Hautes Instructions de Sa Majest\u00e9 le Roi Mohammed VI, avec la participation de Son Altesse Royale le Prince H\u00e9ritier Moulay El Hassan et Son Altesse Royale la Princesse Lalla Khadija. Mobilisant une enveloppe &hellip;<\/p>\n","protected":false},"author":2,"featured_media":14463,"comment_status":"open","ping_status":"open","sticky":false,"template":"","format":"standard","meta":{"footnotes":""},"categories":[18,29],"tags":[],"class_list":["post-14462","post","type-post","status-publish","format-standard","has-post-thumbnail","hentry","category-actualites","category-monde"],"_links":{"self":[{"href":"https:\/\/ladepeche.mr\/index.php?rest_route=\/wp\/v2\/posts\/14462","targetHints":{"allow":["GET"]}}],"collection":[{"href":"https:\/\/ladepeche.mr\/index.php?rest_route=\/wp\/v2\/posts"}],"about":[{"href":"https:\/\/ladepeche.mr\/index.php?rest_route=\/wp\/v2\/types\/post"}],"author":[{"embeddable":true,"href":"https:\/\/ladepeche.mr\/index.php?rest_route=\/wp\/v2\/users\/2"}],"replies":[{"embeddable":true,"href":"https:\/\/ladepeche.mr\/index.php?rest_route=%2Fwp%2Fv2%2Fcomments&post=14462"}],"version-history":[{"count":1,"href":"https:\/\/ladepeche.mr\/index.php?rest_route=\/wp\/v2\/posts\/14462\/revisions"}],"predecessor-version":[{"id":14464,"href":"https:\/\/ladepeche.mr\/index.php?rest_route=\/wp\/v2\/posts\/14462\/revisions\/14464"}],"wp:featuredmedia":[{"embeddable":true,"href":"https:\/\/ladepeche.mr\/index.php?rest_route=\/wp\/v2\/media\/14463"}],"wp:attachment":[{"href":"https:\/\/ladepeche.mr\/index.php?rest_route=%2Fwp%2Fv2%2Fmedia&parent=14462"}],"wp:term":[{"taxonomy":"category","embeddable":true,"href":"https:\/\/ladepeche.mr\/index.php?rest_route=%2Fwp%2Fv2%2Fcategories&post=14462"},{"taxonomy":"post_tag","embeddable":true,"href":"https:\/\/ladepeche.mr\/index.php?rest_route=%2Fwp%2Fv2%2Ftags&post=14462"}],"curies":[{"name":"wp","href":"https:\/\/api.w.org\/{rel}","templated":true}]}}