{"id":14465,"date":"2025-03-04T17:07:35","date_gmt":"2025-03-04T17:07:35","guid":{"rendered":"https:\/\/ladepeche.mr\/?p=14465"},"modified":"2025-03-04T17:07:35","modified_gmt":"2025-03-04T17:07:35","slug":"debut-au-caire-des-travaux-de-la-session-extraordinaire-du-conseil-de-la-ligue-arabe-au-niveau-du-sommet","status":"publish","type":"post","link":"https:\/\/ladepeche.mr\/?p=14465","title":{"rendered":"D\u00e9but au Caire des travaux de la session extraordinaire du Conseil de la Ligue arabe au niveau du sommet"},"content":{"rendered":"<p data-t=\"{&quot;n&quot;:&quot;blueLinks&quot;}\">Ce sommet extraordinaire sera consacr\u00e9 \u00e0 l&#8217;examen des d\u00e9veloppements de la question palestinienne, face aux menaces existentielles qui la guettent, dans le contexte de ce qu&#8217;on appelle les dispositions de l&#8217;apr\u00e8s agression contre Ghaza.<\/p>\n<p data-t=\"{&quot;n&quot;:&quot;blueLinks&quot;}\">&#8220;Les travaux de ce sommet devront aboutir \u00e0 l&#8217;adoption d&#8217;un plan arabe de reconstruction dans la bande de Ghaza&#8221;, avait auparavant indiqu\u00e9 un communiqu\u00e9 du minist\u00e8re des Affaires \u00e9trang\u00e8res, de la Communaut\u00e9 nationale \u00e0 l&#8217;\u00e9tranger et des Affaires africaines.<\/p>\n<p data-t=\"{&quot;n&quot;:&quot;blueLinks&quot;}\">&#8220;Le sommet devra \u00e9galement \u00eatre sanctionn\u00e9 par une d\u00e9claration politique portant sur la position arabe commune quant aux derniers d\u00e9veloppements de la question palestinienne et aux efforts politiques consentis en vue d&#8217;aboutir \u00e0 une solution juste, durable et d\u00e9finitive au conflit isra\u00e9lo-arabe, de mani\u00e8re \u00e0 assurer l&#8217;\u00e9tablissement de l&#8217;Etat palestinien ind\u00e9pendant et souverain, comme condition sine qua non pour instaurer la paix et la stabilit\u00e9 au Proche-Orient&#8221;, selon la m\u00eame source.<\/p>\n<p data-t=\"{&quot;n&quot;:&quot;blueLinks&quot;}\"><a href=\"https:\/\/www.msn.com\/fr-xl\/afrique-du-nord\/other\/d%C3%A9but-au-caire-des-travaux-de-la-session-extraordinaire-du-conseil-de-la-ligue-arabe-au-niveau-du-sommet\/ar-AA1AeHxm?ocid=msedgdhp&amp;pc=U531&amp;cvid=ce4ad909adeb4c90bf09a3109c97221c&amp;ei=41\">D\u00e9but au Caire des travaux de la session extraordinaire du Conseil de la Ligue arabe au niveau du sommet<\/a><\/p>\n","protected":false},"excerpt":{"rendered":"<p>Ce sommet extraordinaire sera consacr\u00e9 \u00e0 l&#8217;examen des d\u00e9veloppements de la question palestinienne, face aux menaces existentielles qui la guettent, dans le contexte de ce qu&#8217;on appelle les dispositions de l&#8217;apr\u00e8s agression contre Ghaza. &#8220;Les travaux de ce sommet devront aboutir \u00e0 l&#8217;adoption d&#8217;un plan arabe de reconstruction dans la bande de Ghaza&#8221;, avait auparavant &hellip;<\/p>\n","protected":false},"author":2,"featured_media":1871,"comment_status":"open","ping_status":"open","sticky":false,"template":"","format":"standard","meta":{"footnotes":""},"categories":[18,29],"tags":[],"class_list":["post-14465","post","type-post","status-publish","format-standard","has-post-thumbnail","hentry","category-actualites","category-monde"],"_links":{"self":[{"href":"https:\/\/ladepeche.mr\/index.php?rest_route=\/wp\/v2\/posts\/14465","targetHints":{"allow":["GET"]}}],"collection":[{"href":"https:\/\/ladepeche.mr\/index.php?rest_route=\/wp\/v2\/posts"}],"about":[{"href":"https:\/\/ladepeche.mr\/index.php?rest_route=\/wp\/v2\/types\/post"}],"author":[{"embeddable":true,"href":"https:\/\/ladepeche.mr\/index.php?rest_route=\/wp\/v2\/users\/2"}],"replies":[{"embeddable":true,"href":"https:\/\/ladepeche.mr\/index.php?rest_route=%2Fwp%2Fv2%2Fcomments&post=14465"}],"version-history":[{"count":1,"href":"https:\/\/ladepeche.mr\/index.php?rest_route=\/wp\/v2\/posts\/14465\/revisions"}],"predecessor-version":[{"id":14466,"href":"https:\/\/ladepeche.mr\/index.php?rest_route=\/wp\/v2\/posts\/14465\/revisions\/14466"}],"wp:featuredmedia":[{"embeddable":true,"href":"https:\/\/ladepeche.mr\/index.php?rest_route=\/wp\/v2\/media\/1871"}],"wp:attachment":[{"href":"https:\/\/ladepeche.mr\/index.php?rest_route=%2Fwp%2Fv2%2Fmedia&parent=14465"}],"wp:term":[{"taxonomy":"category","embeddable":true,"href":"https:\/\/ladepeche.mr\/index.php?rest_route=%2Fwp%2Fv2%2Fcategories&post=14465"},{"taxonomy":"post_tag","embeddable":true,"href":"https:\/\/ladepeche.mr\/index.php?rest_route=%2Fwp%2Fv2%2Ftags&post=14465"}],"curies":[{"name":"wp","href":"https:\/\/api.w.org\/{rel}","templated":true}]}}