{"id":14473,"date":"2025-03-05T13:53:36","date_gmt":"2025-03-05T13:53:36","guid":{"rendered":"https:\/\/ladepeche.mr\/?p=14473"},"modified":"2025-03-05T13:53:50","modified_gmt":"2025-03-05T13:53:50","slug":"tunisie-le-proces-de-40-opposants-souvre-sous-tensions","status":"publish","type":"post","link":"https:\/\/ladepeche.mr\/?p=14473","title":{"rendered":"Tunisie : le proc\u00e8s de 40 opposants s&#8217;ouvre sous tensions"},"content":{"rendered":"<p data-t=\"{&quot;n&quot;:&quot;blueLinks&quot;}\">Les proc\u00e9dures devant la Cour primaire de Tunis ont d\u00e9but\u00e9 en l&#8217;absence de neuf accus\u00e9s d\u00e9tenus. Les avocats de la d\u00e9fense et les activistes ont d\u00e9nonc\u00e9 cette d\u00e9cision des juges comme une violation des normes d&#8217;\u00e9quit\u00e9 des proc\u00e8s.<\/p>\n<div class=\"article-image-slot image-slot-placeholder\" data-doc-id=\"cms\/api\/amp\/image\/AA1AhVr8\">\n<div class=\"article-image-slot\">\n<div class=\"article-image-container polished\" data-t=\"{&quot;n&quot;:&quot;OpenModal&quot;,&quot;t&quot;:13,&quot;b&quot;:8,&quot;c.i&quot;:&quot;AA1AhK6D&quot;,&quot;c.l&quot;:false,&quot;c.t&quot;:13,&quot;c.v&quot;:&quot;news&quot;,&quot;c.c&quot;:&quot;others&quot;,&quot;c.b&quot;:&quot;Euronews fran\u00e7ais&quot;,&quot;c.bi&quot;:&quot;AA2qy7x&quot;,&quot;c.tv&quot;:&quot;politics&quot;,&quot;c.tc&quot;:&quot;government&quot;,&quot;c.hl&quot;:&quot;Tunisie : le proc\u00e8s de 40 opposants s'ouvre sous tensions&quot;}\" data-test-id=\"AA1AhVr8\">\n<p data-t=\"{&quot;n&quot;:&quot;blueLinks&quot;}\">Le proc\u00e8s de 40 personnalit\u00e9s de l&#8217;opposition s&#8217;est ouvert mardi 4 mars en Tunisie.<\/p>\n<p data-t=\"{&quot;n&quot;:&quot;blueLinks&quot;}\">Les personnes inculp\u00e9es parmi lesquelles des politiciens, des avocats, des personnalit\u00e9s des m\u00e9dias et des chefs d&#8217;entreprise, sont accus\u00e9es de conspiration contre la s\u00e9curit\u00e9 de l&#8217;\u00c9tat.<\/p>\n<p data-t=\"{&quot;n&quot;:&quot;blueLinks&quot;}\">Les proc\u00e9dures devant la Cour primaire de Tunis ont d\u00e9but\u00e9 en l&#8217;absence de neuf accus\u00e9s d\u00e9tenus,\u00a0les juges ayant opt\u00e9 pour des sessions \u00e0 distance. Les avocats de la d\u00e9fense et les activistes ont d\u00e9nonc\u00e9 cette d\u00e9cision comme une violation des normes d&#8217;\u00e9quit\u00e9 des proc\u00e8s.<\/p>\n<p data-t=\"{&quot;n&quot;:&quot;blueLinks&quot;}\">Seules les personnes lib\u00e9r\u00e9es sous caution se sont pr\u00e9sent\u00e9es en personne, tandis que les familles des d\u00e9tenus et les manifestants \u00e0 l&#8217;ext\u00e9rieur du tribunal ont exig\u00e9 la transparence et la pr\u00e9sence physique de tous les accus\u00e9s.<\/p>\n<p class=\"continue-read-break\" data-t=\"{&quot;n&quot;:&quot;blueLinks&quot;}\">La s\u00e9curit\u00e9 a \u00e9t\u00e9 renforc\u00e9e autour du palais de justice alors que les avocats, les hommes politiques et les journalistes se pressaient dans la salle d&#8217;audience. \u00c0 l&#8217;ext\u00e9rieur, la gtension se fiasait sentir et les manifestants scandaient\u00a0<em>&#8220;Libert\u00e9, libert\u00e9 et non \u00e0 un pouvoir judiciaire sur instructions&#8221;<\/em>.<\/p>\n<p data-t=\"{&quot;n&quot;:&quot;blueLinks&quot;}\">Le proc\u00e8s a accentu\u00e9 les divisions en Tunisie.<\/p>\n<p data-t=\"{&quot;n&quot;:&quot;blueLinks&quot;}\">Parmi les manifestants se trouvait Ahlem, un citoyen qui a d\u00e9clar\u00e9 \u00e0 l&#8217;Associated Press :\u00a0<em>&#8220;Je suis venu me joindre \u00e0 ceux qui sont d\u00e9tenus pour leurs opinions, ceux qui ont \u00e9t\u00e9 kidnapp\u00e9s et d\u00e9tenus au-del\u00e0 des proc\u00e9dures et des d\u00e9lais l\u00e9gaux. Nous rejetons cette farce de proc\u00e8s qui emp\u00eache les accus\u00e9s d&#8217;affronter directement leurs juges pour se d\u00e9fendre&#8221;.<\/em><\/p>\n<div class=\"intra-article-module\" data-t=\"{&quot;n&quot;:&quot;intraArticle&quot;,&quot;t&quot;:13}\">\n<div class=\"articlePageIntraArticleFullWidth ad-slot-placeholder left-image-intra-ad collapsed\" data-ad-index=\"1\">\n<div class=\"intra-article-ad-full left-image-intra-ad\"><\/div>\n<\/div>\n<\/div>\n<p data-t=\"{&quot;n&quot;:&quot;blueLinks&quot;}\">Mais tous les Tunisiens ne s&#8217;opposent pas \u00e0 la r\u00e9pression.\u00a0Mohamed, vendeur de poisson \u00e0 Tunis, a rendu les accus\u00e9s responsables de l&#8217;effondrement \u00e9conomique du pays :\u00a0<em>&#8220;J&#8217;esp\u00e8re qu&#8217;ils seront condamn\u00e9s \u00e0 perp\u00e9tuit\u00e9. Ils nous ont ruin\u00e9s. Avant, 20 dinars remplissaient nos paniers ; aujourd&#8217;hui, 100 dinars ne suffisent plus. La moiti\u00e9 de la nation est au ch\u00f4mage. Ils ont menti, vol\u00e9 et fui&#8221;<\/em>.<\/p>\n<p data-t=\"{&quot;n&quot;:&quot;blueLinks&quot;}\">Ses remarques soulignent\u00a0le d\u00e9sespoir \u00e9conomique qui alimente le soutien \u00e0 la campagne anti-corruption de Saied parmi certains citoyens de la classe ouvri\u00e8re.<\/p>\n<p data-t=\"{&quot;n&quot;:&quot;blueLinks&quot;}\">Le proc\u00e8s se d\u00e9roule dans un contexte d&#8217;escalade des tensions entre le gouvernement de M. Saied et les factions de l&#8217;opposition, qui l&#8217;accusent de d\u00e9rive autoritaire.<\/p>\n<p data-t=\"{&quot;n&quot;:&quot;blueLinks&quot;}\">Depuis 2021, des dizaines d&#8217;opposants ont \u00e9t\u00e9 arr\u00eat\u00e9s en vertu de lois s\u00e9curitaires largement d\u00e9finies.\u00a0Les partisans de M. Saied soutiennent que la r\u00e9pression est n\u00e9cessaire pour stabiliser un pays aux prises avec l&#8217;inflation, le ch\u00f4mage et la corruption.<\/p>\n<div class=\"intra-article-module\" data-t=\"{&quot;n&quot;:&quot;intraArticle&quot;,&quot;t&quot;:13}\">\n<div class=\"articlePageIntraArticleFullWidth ad-slot-placeholder left-image-intra-ad collapsed\" data-ad-index=\"2\">\n<div class=\"intra-article-ad-full left-image-intra-ad\"><\/div>\n<\/div>\n<\/div>\n<p data-t=\"{&quot;n&quot;:&quot;blueLinks&quot;}\">\u00c0 la veille du proc\u00e8s, le bureau des droits de l&#8217;homme des Nations unies a exhort\u00e9 les autorit\u00e9s tunisiennes \u00e0\u00a0<em>&#8220;mettre fin \u00e0 toute pers\u00e9cution des opposants politiques&#8221;<\/em>\u00a0et \u00e0 respecter les libert\u00e9s d&#8217;expression et de r\u00e9union.<\/p>\n<p data-t=\"{&quot;n&quot;:&quot;blueLinks&quot;}\">Les organisations locales de d\u00e9fense des droits de l&#8217;homme se sont fait l&#8217;\u00e9cho de ces pr\u00e9occupations, avertissant que l&#8217;opacit\u00e9 du proc\u00e8s pourrait acc\u00e9l\u00e9rer le recul d\u00e9mocratique de la Tunisie.<\/p>\n<p data-t=\"{&quot;n&quot;:&quot;blueLinks&quot;}\">Le tribunal devrait tenir des sessions p\u00e9riodiques dans les semaines \u00e0 venir, et les verdicts devraient se r\u00e9percuter sur le paysage politique fractur\u00e9 de la Tunisie.<\/p>\n<p data-t=\"{&quot;n&quot;:&quot;blueLinks&quot;}\">Pour l&#8217;instant, l&#8217;absence des accus\u00e9s d\u00e9tenus et l&#8217;\u00e9loignement des proc\u00e9dures ont jet\u00e9 une ombre sur les revendications d&#8217;impartialit\u00e9 judiciaire, alimentant les craintes d&#8217;une justice politis\u00e9e.<\/p>\n<p data-t=\"{&quot;n&quot;:&quot;blueLinks&quot;}\"><a href=\"https:\/\/www.msn.com\/fr-xl\/actualite\/other\/tunisie-le-proc%C3%A8s-de-40-opposants-s-ouvre-sous-tensions\/ar-AA1AhK6D?ocid=msedgdhp&amp;pc=U531&amp;cvid=4d4d3f7ebd1549c49798d756580a845f&amp;ei=54\">Tunisie : le proc\u00e8s de 40 opposants s&#8217;ouvre sous tensions<\/a><\/p>\n<\/div>\n<\/div>\n<\/div>\n","protected":false},"excerpt":{"rendered":"<p>Les proc\u00e9dures devant la Cour primaire de Tunis ont d\u00e9but\u00e9 en l&#8217;absence de neuf accus\u00e9s d\u00e9tenus. Les avocats de la d\u00e9fense et les activistes ont d\u00e9nonc\u00e9 cette d\u00e9cision des juges comme une violation des normes d&#8217;\u00e9quit\u00e9 des proc\u00e8s. Le proc\u00e8s de 40 personnalit\u00e9s de l&#8217;opposition s&#8217;est ouvert mardi 4 mars en Tunisie. Les personnes inculp\u00e9es &hellip;<\/p>\n","protected":false},"author":2,"featured_media":14474,"comment_status":"open","ping_status":"open","sticky":false,"template":"","format":"standard","meta":{"footnotes":""},"categories":[18,29],"tags":[],"class_list":["post-14473","post","type-post","status-publish","format-standard","has-post-thumbnail","hentry","category-actualites","category-monde"],"_links":{"self":[{"href":"https:\/\/ladepeche.mr\/index.php?rest_route=\/wp\/v2\/posts\/14473","targetHints":{"allow":["GET"]}}],"collection":[{"href":"https:\/\/ladepeche.mr\/index.php?rest_route=\/wp\/v2\/posts"}],"about":[{"href":"https:\/\/ladepeche.mr\/index.php?rest_route=\/wp\/v2\/types\/post"}],"author":[{"embeddable":true,"href":"https:\/\/ladepeche.mr\/index.php?rest_route=\/wp\/v2\/users\/2"}],"replies":[{"embeddable":true,"href":"https:\/\/ladepeche.mr\/index.php?rest_route=%2Fwp%2Fv2%2Fcomments&post=14473"}],"version-history":[{"count":2,"href":"https:\/\/ladepeche.mr\/index.php?rest_route=\/wp\/v2\/posts\/14473\/revisions"}],"predecessor-version":[{"id":14476,"href":"https:\/\/ladepeche.mr\/index.php?rest_route=\/wp\/v2\/posts\/14473\/revisions\/14476"}],"wp:featuredmedia":[{"embeddable":true,"href":"https:\/\/ladepeche.mr\/index.php?rest_route=\/wp\/v2\/media\/14474"}],"wp:attachment":[{"href":"https:\/\/ladepeche.mr\/index.php?rest_route=%2Fwp%2Fv2%2Fmedia&parent=14473"}],"wp:term":[{"taxonomy":"category","embeddable":true,"href":"https:\/\/ladepeche.mr\/index.php?rest_route=%2Fwp%2Fv2%2Fcategories&post=14473"},{"taxonomy":"post_tag","embeddable":true,"href":"https:\/\/ladepeche.mr\/index.php?rest_route=%2Fwp%2Fv2%2Ftags&post=14473"}],"curies":[{"name":"wp","href":"https:\/\/api.w.org\/{rel}","templated":true}]}}