{"id":14483,"date":"2025-03-06T12:28:25","date_gmt":"2025-03-06T12:28:25","guid":{"rendered":"https:\/\/ladepeche.mr\/?p=14483"},"modified":"2025-03-06T12:28:25","modified_gmt":"2025-03-06T12:28:25","slug":"suspension-de-laide-militaire-americaine-a-lukraine-la-pologne-juge-la-situation-tres-grave","status":"publish","type":"post","link":"https:\/\/ladepeche.mr\/?p=14483","title":{"rendered":"Suspension de l&#8217;aide militaire am\u00e9ricaine \u00e0 l&#8217;Ukraine: la Pologne juge la situation \u00abtr\u00e8s grave\u00bb"},"content":{"rendered":"<p class=\"t-content__chapo\">La situation cr\u00e9\u00e9e par la suspension de l&#8217;aide militaire am\u00e9ricaine \u00e0 l&#8217;Ukraine est \u00abtr\u00e8s grave\u00bb, a d\u00e9clar\u00e9 mardi 4 mars le porte-parole du minist\u00e8re polonais des Affaires \u00e9trang\u00e8res.<\/p>\n<div class=\"t-content__dates t-content__dates--reading-time\">\n<p>\u00ab\u00a0<em>Il s&#8217;agit d&#8217;une d\u00e9cision tr\u00e8s importante et la situation est tr\u00e8s grave<\/em>\u00a0\u00bb, a d\u00e9clar\u00e9 Pawel Wronski \u00e0 la presse, soulignant que cette d\u00e9cision d&#8217;\u00ab\u00a0<em>une grande importance politique<\/em>\u00a0\u00bb\u00a0a \u00e9t\u00e9 prise \u00ab<em>\u00a0sans aucune information ni consultation<\/em>\u00a0\u00bb ni des alli\u00e9s de l&#8217;Otan, ni du groupe de Ramstein qui r\u00e9unit les pays aidant l&#8217;Ukraine.<\/p>\n<p>\u00ab<em>\u00a0La d\u00e9cision du pr\u00e9sident Donald Trump de suspendre l&#8217;aide \u00e0 l&#8217;Ukraine et les cons\u00e9quences de cette d\u00e9cision<\/em>\u00a0\u00bb,\u00a0ont \u00e9galement constitu\u00e9 le sujet d&#8217;un entretien t\u00e9l\u00e9phonique mardi entre les ministres polonais et ukrainien des Affaires \u00e9trang\u00e8res Radoslaw Sikorski et Andri\u00ef Sybiga, a indiqu\u00e9 le minist\u00e8re polonais sur X.<\/p>\n<p>Alli\u00e9e fid\u00e8le de l&#8217;Ukraine, la Pologne se d\u00e9crit comme un relais important pour le soutien logistique de l&#8217;aide occidentale fournie \u00e0 Kiev. Selon les autorit\u00e9s de Varsovie, jusqu&#8217;\u00e0 95% de cette aide passe par la Pologne.<\/p>\n<p>Les \u00c9tats-Unis n\u2019ont pas perdu de temps pour tenir leurs promesses. Alors que Donald Trump annon\u00e7ait hier les interruptions de livraisons am\u00e9ricaines en soutien \u00e0 l\u2019Ukraine, la Pologne en constate d\u00e9j\u00e0 les effets, rapporte notre correspondant \u00e0 Varsovie,\u00a0<strong>Adrien Sarlat<\/strong>.<\/p>\n<p>Les v\u00e9hicules affr\u00e9t\u00e9s pour r\u00e9ceptionner l\u2019aide am\u00e9ricaine \u00e0 l\u2019a\u00e9rodrome de Rzeszow sont rest\u00e9s vides ce mardi matin. Depuis trois ans, ce petit a\u00e9roport permettait de faire transiter l\u2019aide militaire et humanitaire \u00e0 l\u2019Ukraine voisine via le hub logistique de Jasionka.<\/p>\n<div id=\"tms-block-24186063180548256\" class=\"o-self-promo o-self-promo--nl\" data-selfpromo-newsletter=\"\">\n<div class=\"o-self-promo-wrapper\">\n<p class=\"o-self-promo__text\">Lire la suite sur <a href=\"https:\/\/www.rfi.fr\/fr\/europe\/20250304-suspension-de-l-aide-militaire-am%C3%A9ricaine-%C3%A0-l-ukraine-la-pologne-juge-la-situation-tr%C3%A8s-grave?utm_medium=email&amp;utm_campaign=newsletter&amp;utm_source=rfi-nl-internationale-fr&amp;utm_email_send_date=%2020250305&amp;utm_email_recipient=245770&amp;utm_email_link=contenus&amp;_ope=eyJndWlkIjoiOTMwMjIwNGY3ZmZhNzMxODU0NDI3OTA1ZjdiOTc4NGUifQ%3D%3D\">Suspension de l&#8217;aide militaire am\u00e9ricaine \u00e0 l&#8217;Ukraine: la Pologne juge la situation \u00abtr\u00e8s grave\u00bb<\/a><\/p>\n<\/div>\n<\/div>\n<\/div>\n","protected":false},"excerpt":{"rendered":"<p>La situation cr\u00e9\u00e9e par la suspension de l&#8217;aide militaire am\u00e9ricaine \u00e0 l&#8217;Ukraine est \u00abtr\u00e8s grave\u00bb, a d\u00e9clar\u00e9 mardi 4 mars le porte-parole du minist\u00e8re polonais des Affaires \u00e9trang\u00e8res. \u00ab\u00a0Il s&#8217;agit d&#8217;une d\u00e9cision tr\u00e8s importante et la situation est tr\u00e8s grave\u00a0\u00bb, a d\u00e9clar\u00e9 Pawel Wronski \u00e0 la presse, soulignant que cette d\u00e9cision d&#8217;\u00ab\u00a0une grande importance politique\u00a0\u00bb\u00a0a &hellip;<\/p>\n","protected":false},"author":2,"featured_media":14484,"comment_status":"open","ping_status":"open","sticky":false,"template":"","format":"standard","meta":{"footnotes":""},"categories":[18,29],"tags":[],"class_list":["post-14483","post","type-post","status-publish","format-standard","has-post-thumbnail","hentry","category-actualites","category-monde"],"_links":{"self":[{"href":"https:\/\/ladepeche.mr\/index.php?rest_route=\/wp\/v2\/posts\/14483","targetHints":{"allow":["GET"]}}],"collection":[{"href":"https:\/\/ladepeche.mr\/index.php?rest_route=\/wp\/v2\/posts"}],"about":[{"href":"https:\/\/ladepeche.mr\/index.php?rest_route=\/wp\/v2\/types\/post"}],"author":[{"embeddable":true,"href":"https:\/\/ladepeche.mr\/index.php?rest_route=\/wp\/v2\/users\/2"}],"replies":[{"embeddable":true,"href":"https:\/\/ladepeche.mr\/index.php?rest_route=%2Fwp%2Fv2%2Fcomments&post=14483"}],"version-history":[{"count":1,"href":"https:\/\/ladepeche.mr\/index.php?rest_route=\/wp\/v2\/posts\/14483\/revisions"}],"predecessor-version":[{"id":14485,"href":"https:\/\/ladepeche.mr\/index.php?rest_route=\/wp\/v2\/posts\/14483\/revisions\/14485"}],"wp:featuredmedia":[{"embeddable":true,"href":"https:\/\/ladepeche.mr\/index.php?rest_route=\/wp\/v2\/media\/14484"}],"wp:attachment":[{"href":"https:\/\/ladepeche.mr\/index.php?rest_route=%2Fwp%2Fv2%2Fmedia&parent=14483"}],"wp:term":[{"taxonomy":"category","embeddable":true,"href":"https:\/\/ladepeche.mr\/index.php?rest_route=%2Fwp%2Fv2%2Fcategories&post=14483"},{"taxonomy":"post_tag","embeddable":true,"href":"https:\/\/ladepeche.mr\/index.php?rest_route=%2Fwp%2Fv2%2Ftags&post=14483"}],"curies":[{"name":"wp","href":"https:\/\/api.w.org\/{rel}","templated":true}]}}