{"id":14489,"date":"2025-03-06T21:52:27","date_gmt":"2025-03-06T21:52:27","guid":{"rendered":"https:\/\/ladepeche.mr\/?p=14489"},"modified":"2025-03-06T21:52:43","modified_gmt":"2025-03-06T21:52:43","slug":"14489","status":"publish","type":"post","link":"https:\/\/ladepeche.mr\/?p=14489","title":{"rendered":"Le ministre de l&#8217;\u00c9conomie et des Finances remet un message \u00e9crit de Son Excellence le Pr\u00e9sident de la R\u00e9publique au Pr\u00e9sident du Nigeria"},"content":{"rendered":"<p>Son Excellence le ministre de l&#8217;\u00c9conomie et des Finances, M. Sid&#8217;Ahmed Ould Bouh, a remis ce jeudi \u00e0 Abuja, un message \u00e9crit du Pr\u00e9sident de la R\u00e9publique, Son Excellence Monsieur Mohamed Ould Cheikh El Ghazouani, \u00e0 son homologue, M. Bola Ahmed Tinubu, Pr\u00e9sident de la R\u00e9publique f\u00e9d\u00e9rale du Nigeria.<\/p>\n<p>Le message porte sur les relations bilat\u00e9rales distingu\u00e9es entre notre pays et le Nigeria, les moyens de les renforcer et la coordination des efforts concernant les questions d&#8217;int\u00e9r\u00eat commun.<\/p>\n<p>La rencontre s&#8217;est d\u00e9roul\u00e9e en pr\u00e9sence de Son Excellence Monsieur Amadou Camara, ambassadeur de notre pays \u00e0 Abuja.<\/p>\n<p>MEF<\/p>\n","protected":false},"excerpt":{"rendered":"<p>Son Excellence le ministre de l&#8217;\u00c9conomie et des Finances, M. Sid&#8217;Ahmed Ould Bouh, a remis ce jeudi \u00e0 Abuja, un message \u00e9crit du Pr\u00e9sident de la R\u00e9publique, Son Excellence Monsieur Mohamed Ould Cheikh El Ghazouani, \u00e0 son homologue, M. Bola Ahmed Tinubu, Pr\u00e9sident de la R\u00e9publique f\u00e9d\u00e9rale du Nigeria. Le message porte sur les relations &hellip;<\/p>\n","protected":false},"author":2,"featured_media":14490,"comment_status":"open","ping_status":"open","sticky":false,"template":"","format":"standard","meta":{"footnotes":""},"categories":[18],"tags":[],"class_list":["post-14489","post","type-post","status-publish","format-standard","has-post-thumbnail","hentry","category-actualites"],"_links":{"self":[{"href":"https:\/\/ladepeche.mr\/index.php?rest_route=\/wp\/v2\/posts\/14489","targetHints":{"allow":["GET"]}}],"collection":[{"href":"https:\/\/ladepeche.mr\/index.php?rest_route=\/wp\/v2\/posts"}],"about":[{"href":"https:\/\/ladepeche.mr\/index.php?rest_route=\/wp\/v2\/types\/post"}],"author":[{"embeddable":true,"href":"https:\/\/ladepeche.mr\/index.php?rest_route=\/wp\/v2\/users\/2"}],"replies":[{"embeddable":true,"href":"https:\/\/ladepeche.mr\/index.php?rest_route=%2Fwp%2Fv2%2Fcomments&post=14489"}],"version-history":[{"count":2,"href":"https:\/\/ladepeche.mr\/index.php?rest_route=\/wp\/v2\/posts\/14489\/revisions"}],"predecessor-version":[{"id":14492,"href":"https:\/\/ladepeche.mr\/index.php?rest_route=\/wp\/v2\/posts\/14489\/revisions\/14492"}],"wp:featuredmedia":[{"embeddable":true,"href":"https:\/\/ladepeche.mr\/index.php?rest_route=\/wp\/v2\/media\/14490"}],"wp:attachment":[{"href":"https:\/\/ladepeche.mr\/index.php?rest_route=%2Fwp%2Fv2%2Fmedia&parent=14489"}],"wp:term":[{"taxonomy":"category","embeddable":true,"href":"https:\/\/ladepeche.mr\/index.php?rest_route=%2Fwp%2Fv2%2Fcategories&post=14489"},{"taxonomy":"post_tag","embeddable":true,"href":"https:\/\/ladepeche.mr\/index.php?rest_route=%2Fwp%2Fv2%2Ftags&post=14489"}],"curies":[{"name":"wp","href":"https:\/\/api.w.org\/{rel}","templated":true}]}}