{"id":14493,"date":"2025-03-06T22:04:51","date_gmt":"2025-03-06T22:04:51","guid":{"rendered":"https:\/\/ladepeche.mr\/?p=14493"},"modified":"2025-03-06T22:04:51","modified_gmt":"2025-03-06T22:04:51","slug":"communique-ujpla-relatif-a-larrestation-a-ndjamena-du-directeur-de-publication-le-pays","status":"publish","type":"post","link":"https:\/\/ladepeche.mr\/?p=14493","title":{"rendered":"Communiqu\u00e9 UJPLA relatif \u00e0 l&#8217;arrestation \u00e0 N&#8217;Djam\u00e9na du Directeur de publication &#8220;Le Pays&#8221;"},"content":{"rendered":"<p>L&#8217;union des journalistes de la Presse Libre Africaine (UJPLA) a appris avec consternation la d\u00e9tention dans les locaux de la Coordination de la police judiciaire, le mercredi 5 mars 2025 \u00e0 N\u2019Djam\u00e9na, du Directeur de publication de l\u2019hebdomadaire &#8220;Le Pays&#8221;, Mbaindinguim Monodji Olivier par ailleurs correspondant local de Rfi( Radio France Internationale).<\/p>\n<p>L\u2019UJPLA d\u00e9nonce d\u2019autant plus cette d\u00e9tention du journaliste qu\u2019elle est intervenue dans une opacit\u00e9 surprenante et totale sans que le mis en cause, son avocat et sa famille professionnelle et biologique ne soient inform\u00e9s du motif de son interpellation.<\/p>\n<p>L\u2019absence de tout fondement et document juridique dans cette interpellation est une violation grave de la libert\u00e9 du journaliste, de la libert\u00e9 de la presse, de la libert\u00e9 d\u2019expression et des droits humains fondamentaux reconnus au niveau international.<\/p>\n<p>L\u2019UJPLA exprime sa vive inqui\u00e9tude et appelle les autorit\u00e9s tchadiennes \u00e0 respecter la libert\u00e9 de la presse, \u00e0 garantir la s\u00e9curit\u00e9 des journalistes et \u00e0 veiller \u00e0 ce que si proc\u00e9dure judiciaire, il y a, elle soit men\u00e9e dans le respect des r\u00e8gles et principes de l\u2019Etat de droit.<\/p>\n<p>L\u2019UJPLA exprime sa solidarit\u00e9 \u00e0 l\u2019\u00e9gard du journaliste Mba\u00efndiguim Monodji Olivier et de l\u2019ensemble de la presse tchadienne.<\/p>\n<p>L\u2019UJPLA demande la lib\u00e9ration imm\u00e9diate du journaliste Mba\u00efndiguim Monodji Olivier, et la fin de toutes les formes de harc\u00e8lement et\/ ou d\u2019intimidation \u00e0 l\u2019encontre des journalistes dans l\u2019exercice de leur m\u00e9tier.<\/p>\n<p>Fait \u00e0 Abidjan le 06 Mars 2025.<\/p>\n<p>Le Pr\u00e9sident de L\u2019UJPLA<br \/>\nYao Noel<br \/>\n+225 0707658888<\/p>\n<p>noelyao2002@yahoo.fr<\/p>\n","protected":false},"excerpt":{"rendered":"<p>L&#8217;union des journalistes de la Presse Libre Africaine (UJPLA) a appris avec consternation la d\u00e9tention dans les locaux de la Coordination de la police judiciaire, le mercredi 5 mars 2025 \u00e0 N\u2019Djam\u00e9na, du Directeur de publication de l\u2019hebdomadaire &#8220;Le Pays&#8221;, Mbaindinguim Monodji Olivier par ailleurs correspondant local de Rfi( Radio France Internationale). L\u2019UJPLA d\u00e9nonce d\u2019autant &hellip;<\/p>\n","protected":false},"author":2,"featured_media":14494,"comment_status":"open","ping_status":"open","sticky":false,"template":"","format":"standard","meta":{"footnotes":""},"categories":[18,29,19],"tags":[],"class_list":["post-14493","post","type-post","status-publish","format-standard","has-post-thumbnail","hentry","category-actualites","category-monde","category-tribune"],"_links":{"self":[{"href":"https:\/\/ladepeche.mr\/index.php?rest_route=\/wp\/v2\/posts\/14493","targetHints":{"allow":["GET"]}}],"collection":[{"href":"https:\/\/ladepeche.mr\/index.php?rest_route=\/wp\/v2\/posts"}],"about":[{"href":"https:\/\/ladepeche.mr\/index.php?rest_route=\/wp\/v2\/types\/post"}],"author":[{"embeddable":true,"href":"https:\/\/ladepeche.mr\/index.php?rest_route=\/wp\/v2\/users\/2"}],"replies":[{"embeddable":true,"href":"https:\/\/ladepeche.mr\/index.php?rest_route=%2Fwp%2Fv2%2Fcomments&post=14493"}],"version-history":[{"count":1,"href":"https:\/\/ladepeche.mr\/index.php?rest_route=\/wp\/v2\/posts\/14493\/revisions"}],"predecessor-version":[{"id":14495,"href":"https:\/\/ladepeche.mr\/index.php?rest_route=\/wp\/v2\/posts\/14493\/revisions\/14495"}],"wp:featuredmedia":[{"embeddable":true,"href":"https:\/\/ladepeche.mr\/index.php?rest_route=\/wp\/v2\/media\/14494"}],"wp:attachment":[{"href":"https:\/\/ladepeche.mr\/index.php?rest_route=%2Fwp%2Fv2%2Fmedia&parent=14493"}],"wp:term":[{"taxonomy":"category","embeddable":true,"href":"https:\/\/ladepeche.mr\/index.php?rest_route=%2Fwp%2Fv2%2Fcategories&post=14493"},{"taxonomy":"post_tag","embeddable":true,"href":"https:\/\/ladepeche.mr\/index.php?rest_route=%2Fwp%2Fv2%2Ftags&post=14493"}],"curies":[{"name":"wp","href":"https:\/\/api.w.org\/{rel}","templated":true}]}}