{"id":14496,"date":"2025-03-07T12:53:20","date_gmt":"2025-03-07T12:53:20","guid":{"rendered":"https:\/\/ladepeche.mr\/?p=14496"},"modified":"2025-03-07T12:53:20","modified_gmt":"2025-03-07T12:53:20","slug":"agence-bayt-mal-al-qods-distribution-daides-alimentaires-en-faveur-detablissements-de-protection-sociale-dans-la-ville-sainte","status":"publish","type":"post","link":"https:\/\/ladepeche.mr\/?p=14496","title":{"rendered":"Agence Bayt Mal Al-Qods: Distribution d&#8217;aides alimentaires en faveur d&#8217;\u00e9tablissements de protection sociale dans la Ville Sainte"},"content":{"rendered":"<p>Al-Qods (MAP)- Plusieurs repr\u00e9sentants d\u2019\u00e9tablissements de protection sociale \u00e0 Al-Qods Acharif ont salu\u00e9 les initiatives importantes lanc\u00e9es sous l\u2019impulsion de Sa Majest\u00e9 le Roi Mohammed VI, Pr\u00e9sident du Comit\u00e9 Al Qods, pour all\u00e9ger les souffrances des habitants de la Ville Sainte durant le mois sacr\u00e9 de Ramadan.<\/p>\n<p>Dans des d\u00e9clarations \u00e0 la MAP \u00e0 l\u2019occasion de la distribution d\u2019aides alimentaires (Iftar Ramadan) \u00e0 20 \u00e9tablissements de protection sociale dans le cadre du programme de soutien alimentaire de l\u2019Agence Bayt Mal Al Qods Acharif au profit des Habitants d\u2019Al-Qods, les repr\u00e9sentants de ces \u00e9tablissements se sont f\u00e9licit\u00e9s des efforts d\u00e9ploy\u00e9s par l\u2019Agence en vue de soutenir les cat\u00e9gories vuln\u00e9rables de la Ville Sainte.<\/p>\n<p>\u00c0 cet \u00e9gard, le directeur ex\u00e9cutif de l\u2019Association caritative Wadi Al Joz, Diaa Al Husseini, a salu\u00e9 l\u2019initiative de l\u2019Agence Bayt Mal Al Qods Acharif de fournir des aides alimentaires aux familles et institutions sociales d\u2019Al Qods, qualifiant cette action de \u201cnoble initiative\u201d visant \u00e0 soutenir les habitants d\u2019Al Qods, particuli\u00e8rement durant le mois de Ramadan.<\/p>\n<p>M. Al Husseini a \u00e9galement lou\u00e9 la Haute Bienveillance dont Sa Majest\u00e9 le Roi ne cesse d\u2019entourer la population maqdessie, mettant en avant les multiples initiatives g\u00e9n\u00e9reuses du Souverain au profit des habitants de la ville d\u2019Al Qods Acharif, dont des programmes et des activit\u00e9s sociales vari\u00e9s ou des actions de soutien alimentaire destin\u00e9es aux cat\u00e9gories d\u00e9munies \u00e0 l\u2019occasion du mois sacr\u00e9 de Ramadan.<\/p>\n<p>Pour sa part, la coordinatrice du Centre pour femmes \u201cAl-Thawri Silwan\u201d, Sara Heidaf, a exprim\u00e9 sa gratitude \u00e0 Sa Majest\u00e9 le Roi pour Son soutien constant et permanent \u00e0 la r\u00e9silience des habitants d\u2019Al Qods. Elle a salu\u00e9, \u00e0 ce propos, les programmes et initiatives humanitaires \u201cpionniers et louables\u201d men\u00e9s par l\u2019Agence Bayt Mal Al Qods Acharif dans la ville sainte.<\/p>\n<p>Le pr\u00e9sident de l\u2019association \u201cNour\u201d pour les malvoyants, a exprim\u00e9 ses remerciements \u00e0 Sa Majest\u00e9 le Roi, pr\u00e9sident du Comit\u00e9 Al Qods, pour sa Haute Bienveillance en faveur des cat\u00e9gories vuln\u00e9rables de la ville d\u2019Al Qods, notamment les personnes \u00e0 besoin sp\u00e9cifique, soulignant que les Initiatives Royales participent grandement \u00e0 all\u00e9ger les souffrances de cette population.<\/p>\n<p>Il a, \u00e0 cette occasion, salu\u00e9 les efforts g\u00e9n\u00e9reux de l\u2019Agence Bayt Mal Al-Qods Acharif, \u00e0 l\u2019occasion du mois sacr\u00e9 du Ramadan, par le biais du dispositif d\u2019aide sociale destin\u00e9e \u00e0 la population d\u2019Al Qods.<\/p>\n<p>B\u00e9n\u00e9ficiant \u00e0 quelque 20 \u00e9tablissements sociaux, dont des orphelinats, des foyers d\u2019accueil, des centres de soins sp\u00e9ciaux et cinq comit\u00e9s des quartiers de l\u2019ancienne Ville, cette op\u00e9ration humanitaire destin\u00e9es aux familles maqdessies n\u00e9cessiteuses, consiste en la distribution de 22 types de denr\u00e9es alimentaires les plus consomm\u00e9es.<\/p>\n<p>Cette action de solidarit\u00e9, lanc\u00e9e en pr\u00e9sence du directeur charg\u00e9 de la gestion de l\u2019Agence Bayt Mal Al-Qods Acharif, Mohamed Salem Cherkaoui, du pr\u00e9sident de l\u2019Association marocaine d\u2019appui \u00e0 la reconstruction en Palestine, Mohamed Jamal Bouzidi, de personnalit\u00e9s religieuses et sociales maqdessies ainsi que de repr\u00e9sentants d\u2019\u00e9tablissements b\u00e9n\u00e9ficiaires, s\u2019inscrit dans le cadre du programme d\u2019aide sociale de l\u2019Agence durant le mois de Ramadan au profit des cat\u00e9gories les plus vuln\u00e9rables parmi les habitants d\u2019Al Qods.<\/p>\n","protected":false},"excerpt":{"rendered":"<p>Al-Qods (MAP)- Plusieurs repr\u00e9sentants d\u2019\u00e9tablissements de protection sociale \u00e0 Al-Qods Acharif ont salu\u00e9 les initiatives importantes lanc\u00e9es sous l\u2019impulsion de Sa Majest\u00e9 le Roi Mohammed VI, Pr\u00e9sident du Comit\u00e9 Al Qods, pour all\u00e9ger les souffrances des habitants de la Ville Sainte durant le mois sacr\u00e9 de Ramadan. Dans des d\u00e9clarations \u00e0 la MAP \u00e0 l\u2019occasion &hellip;<\/p>\n","protected":false},"author":2,"featured_media":14497,"comment_status":"open","ping_status":"open","sticky":false,"template":"","format":"standard","meta":{"footnotes":""},"categories":[18,29],"tags":[],"class_list":["post-14496","post","type-post","status-publish","format-standard","has-post-thumbnail","hentry","category-actualites","category-monde"],"_links":{"self":[{"href":"https:\/\/ladepeche.mr\/index.php?rest_route=\/wp\/v2\/posts\/14496","targetHints":{"allow":["GET"]}}],"collection":[{"href":"https:\/\/ladepeche.mr\/index.php?rest_route=\/wp\/v2\/posts"}],"about":[{"href":"https:\/\/ladepeche.mr\/index.php?rest_route=\/wp\/v2\/types\/post"}],"author":[{"embeddable":true,"href":"https:\/\/ladepeche.mr\/index.php?rest_route=\/wp\/v2\/users\/2"}],"replies":[{"embeddable":true,"href":"https:\/\/ladepeche.mr\/index.php?rest_route=%2Fwp%2Fv2%2Fcomments&post=14496"}],"version-history":[{"count":1,"href":"https:\/\/ladepeche.mr\/index.php?rest_route=\/wp\/v2\/posts\/14496\/revisions"}],"predecessor-version":[{"id":14498,"href":"https:\/\/ladepeche.mr\/index.php?rest_route=\/wp\/v2\/posts\/14496\/revisions\/14498"}],"wp:featuredmedia":[{"embeddable":true,"href":"https:\/\/ladepeche.mr\/index.php?rest_route=\/wp\/v2\/media\/14497"}],"wp:attachment":[{"href":"https:\/\/ladepeche.mr\/index.php?rest_route=%2Fwp%2Fv2%2Fmedia&parent=14496"}],"wp:term":[{"taxonomy":"category","embeddable":true,"href":"https:\/\/ladepeche.mr\/index.php?rest_route=%2Fwp%2Fv2%2Fcategories&post=14496"},{"taxonomy":"post_tag","embeddable":true,"href":"https:\/\/ladepeche.mr\/index.php?rest_route=%2Fwp%2Fv2%2Ftags&post=14496"}],"curies":[{"name":"wp","href":"https:\/\/api.w.org\/{rel}","templated":true}]}}