{"id":14499,"date":"2025-03-07T13:27:49","date_gmt":"2025-03-07T13:27:49","guid":{"rendered":"https:\/\/ladepeche.mr\/?p=14499"},"modified":"2025-03-07T13:28:22","modified_gmt":"2025-03-07T13:28:22","slug":"sahel-rejet-de-laide-internationale-apres-le-gel-de-lusaid-rapport","status":"publish","type":"post","link":"https:\/\/ladepeche.mr\/?p=14499","title":{"rendered":"Sahel : rejet de l\u2019aide internationale apr\u00e8s le gel de l\u2019USAID (rapport)"},"content":{"rendered":"<p>La suspension des financements de l\u2019USAID par Donald Trump a intensifi\u00e9 le rejet de l\u2019aide internationale au Sahel, alimentant critiques, d\u00e9sinformation et tensions g\u00e9opolitiques, selon un rapport d\u2019Insecurity Insight.<\/p>\n<p data-t=\"{&quot;n&quot;:&quot;blueLinks&quot;}\">Le gel des financements de l\u2019Agence des \u00c9tats-Unis pour le d\u00e9veloppement international (USAID), ordonn\u00e9 par le pr\u00e9sident Donald Trump le 20 janvier 2025, a suscit\u00e9 un rejet massif de l\u2019aide \u00e9trang\u00e8re sur les r\u00e9seaux sociaux au Sahel, selon un rapport de l\u2019organisation Insecurity Insight publi\u00e9 en mars 2025.<\/p>\n<p data-t=\"{&quot;n&quot;:&quot;blueLinks&quot;}\">Dans une analyse des discussions en ligne au Burkina Faso, au Mali et au Niger, l\u2019\u00e9tude r\u00e9v\u00e8le une mont\u00e9e en fl\u00e8che des critiques envers les ONG et les bailleurs internationaux, aliment\u00e9e par des discours nationalistes et pro-russes. \u00ab L\u2019aide au d\u00e9veloppement n\u2019a d\u00e9velopp\u00e9 aucun pays, elle sert seulement aux donateurs pour exercer leur pression \u00bb, peut-on lire dans l\u2019un des commentaires analys\u00e9s au Mali.<\/p>\n<p class=\"continue-read-break\" data-t=\"{&quot;n&quot;:&quot;blueLinks&quot;}\">Selon le rapport, le rejet de l\u2019aide est particuli\u00e8rement fort au Burkina Faso (645 commentaires n\u00e9gatifs sur 810) et au Mali (587 sur 698), tandis que le Niger affiche des sentiments plus mitig\u00e9s (44 sur 96). Les critiques portent sur la d\u00e9pendance \u00e9conomique qu\u2019engendrerait l\u2019aide, les soup\u00e7ons de corruption et l\u2019influence occidentale per\u00e7ue comme une ing\u00e9rence.<\/p>\n<p data-t=\"{&quot;n&quot;:&quot;blueLinks&quot;}\">En parall\u00e8le, les discours pro-russes se sont multipli\u00e9s, d\u00e9peignant Moscou comme un partenaire plus fiable que les \u00c9tats-Unis ou l\u2019Europe. \u00ab L\u2019Occident nous donne des aides avec des conditions et des chantages. La Russie, elle, respecte notre souverainet\u00e9 ! \u00bb affirme un utilisateur malien cit\u00e9 dans l\u2019\u00e9tude.<\/p>\n<div class=\"intra-article-module\" data-t=\"{&quot;n&quot;:&quot;intraArticle&quot;,&quot;t&quot;:13}\">\n<div class=\"articlePageIntraArticleFullWidth ad-slot-placeholder left-image-intra-ad collapsed\" data-ad-index=\"1\">\n<div class=\"intra-article-ad-full left-image-intra-ad\"><\/div>\n<\/div>\n<\/div>\n<p data-t=\"{&quot;n&quot;:&quot;blueLinks&quot;}\">Le rejet de l\u2019aide humanitaire en ligne a \u00e9galement eu des r\u00e9percussions dans le monde r\u00e9el, avec l\u2019expulsion d\u2019ONG comme Acted et Action pour le Bien-\u00catre (APBE) au Niger. La r\u00e9pression des voix pro-aide, notamment par des insultes et accusations de trahison sur les r\u00e9seaux sociaux, contribue \u00e0 restreindre l\u2019espace humanitaire, souligne le rapport.<\/p>\n<p data-t=\"{&quot;n&quot;:&quot;blueLinks&quot;}\">Le gel des financements de l\u2019USAID s\u2019inscrit dans une politique plus large de r\u00e9\u00e9valuation de l\u2019aide \u00e9trang\u00e8re men\u00e9e par Donald Trump. D\u00e8s son premier mandat (2017-2021), il avait tent\u00e9 \u00e0 plusieurs reprises de r\u00e9duire les budgets d\u2019aide au d\u00e9veloppement, critiquant les \u00ab d\u00e9penses inutiles \u00bb et exigeant que l\u2019aide am\u00e9ricaine b\u00e9n\u00e9ficie directement aux int\u00e9r\u00eats strat\u00e9giques des \u00c9tats-Unis. En 2019, son administration avait suspendu plusieurs programmes d\u2019aide \u00e0 l\u2019Am\u00e9rique latine, accusant les gouvernements b\u00e9n\u00e9ficiaires de ne pas freiner l\u2019immigration vers les \u00c9tats-Unis.<\/p>\n<div class=\"intra-article-module\" data-t=\"{&quot;n&quot;:&quot;intraArticle&quot;,&quot;t&quot;:13}\">\n<div class=\"articlePageIntraArticleFullWidth ad-slot-placeholder left-image-intra-ad collapsed\" data-ad-index=\"2\">\n<div class=\"intra-article-ad-full left-image-intra-ad\"><\/div>\n<\/div>\n<\/div>\n<p data-t=\"{&quot;n&quot;:&quot;blueLinks&quot;}\">Le retour de Trump \u00e0 la Maison-Blanche en 2025 a marqu\u00e9 une nouvelle vague de restrictions budg\u00e9taires, culminant avec l\u2019ordre ex\u00e9cutif du 20 janvier 2025 gelant les financements de l\u2019USAID pour 90 jours, officiellement pour \u00ab r\u00e9\u00e9valuer et r\u00e9aligner \u00bb l\u2019aide \u00e9trang\u00e8re avec les int\u00e9r\u00eats am\u00e9ricains. Cette mesure a provoqu\u00e9 des perturbations dans de nombreux programmes humanitaires, notamment en Afrique et en Asie, affectant des secteurs cruciaux comme la sant\u00e9, l\u2019\u00e9ducation et les infrastructures.<\/p>\n<p data-t=\"{&quot;n&quot;:&quot;blueLinks&quot;}\">AC\/Sf\/APA<\/p>\n<p data-t=\"{&quot;n&quot;:&quot;blueLinks&quot;}\">Photo LDM\/google<\/p>\n","protected":false},"excerpt":{"rendered":"<p>La suspension des financements de l\u2019USAID par Donald Trump a intensifi\u00e9 le rejet de l\u2019aide internationale au Sahel, alimentant critiques, d\u00e9sinformation et tensions g\u00e9opolitiques, selon un rapport d\u2019Insecurity Insight. Le gel des financements de l\u2019Agence des \u00c9tats-Unis pour le d\u00e9veloppement international (USAID), ordonn\u00e9 par le pr\u00e9sident Donald Trump le 20 janvier 2025, a suscit\u00e9 un &hellip;<\/p>\n","protected":false},"author":2,"featured_media":13940,"comment_status":"open","ping_status":"open","sticky":false,"template":"","format":"standard","meta":{"footnotes":""},"categories":[18,29],"tags":[],"class_list":["post-14499","post","type-post","status-publish","format-standard","has-post-thumbnail","hentry","category-actualites","category-monde"],"_links":{"self":[{"href":"https:\/\/ladepeche.mr\/index.php?rest_route=\/wp\/v2\/posts\/14499","targetHints":{"allow":["GET"]}}],"collection":[{"href":"https:\/\/ladepeche.mr\/index.php?rest_route=\/wp\/v2\/posts"}],"about":[{"href":"https:\/\/ladepeche.mr\/index.php?rest_route=\/wp\/v2\/types\/post"}],"author":[{"embeddable":true,"href":"https:\/\/ladepeche.mr\/index.php?rest_route=\/wp\/v2\/users\/2"}],"replies":[{"embeddable":true,"href":"https:\/\/ladepeche.mr\/index.php?rest_route=%2Fwp%2Fv2%2Fcomments&post=14499"}],"version-history":[{"count":2,"href":"https:\/\/ladepeche.mr\/index.php?rest_route=\/wp\/v2\/posts\/14499\/revisions"}],"predecessor-version":[{"id":14501,"href":"https:\/\/ladepeche.mr\/index.php?rest_route=\/wp\/v2\/posts\/14499\/revisions\/14501"}],"wp:featuredmedia":[{"embeddable":true,"href":"https:\/\/ladepeche.mr\/index.php?rest_route=\/wp\/v2\/media\/13940"}],"wp:attachment":[{"href":"https:\/\/ladepeche.mr\/index.php?rest_route=%2Fwp%2Fv2%2Fmedia&parent=14499"}],"wp:term":[{"taxonomy":"category","embeddable":true,"href":"https:\/\/ladepeche.mr\/index.php?rest_route=%2Fwp%2Fv2%2Fcategories&post=14499"},{"taxonomy":"post_tag","embeddable":true,"href":"https:\/\/ladepeche.mr\/index.php?rest_route=%2Fwp%2Fv2%2Ftags&post=14499"}],"curies":[{"name":"wp","href":"https:\/\/api.w.org\/{rel}","templated":true}]}}