{"id":14502,"date":"2025-03-07T16:10:21","date_gmt":"2025-03-07T16:10:21","guid":{"rendered":"https:\/\/ladepeche.mr\/?p=14502"},"modified":"2025-03-07T16:10:21","modified_gmt":"2025-03-07T16:10:21","slug":"trump-defend-les-pourparlers-directs-avec-hamas-israel-en-colere-tente-de-les-torpiller","status":"publish","type":"post","link":"https:\/\/ladepeche.mr\/?p=14502","title":{"rendered":"Trump d\u00e9fend les pourparlers directs avec Hamas ; Isra\u00ebl en col\u00e8re, tente de les torpiller"},"content":{"rendered":"<p data-t=\"{&quot;n&quot;:&quot;blueLinks&quot;}\">Le pr\u00e9sident am\u00e9ricain Donald Trump a d\u00e9fendu jeudi les n\u00e9gociations directes sans pr\u00e9c\u00e9dent men\u00e9es par son administration avec Hamas, affirmant qu\u2019elles avaient pour objectif d\u2019aider Isra\u00ebl et d\u2019obtenir la lib\u00e9ration d\u2019otages isra\u00e9liens, relate The Times of Israel.<\/p>\n<p data-t=\"{&quot;n&quot;:&quot;blueLinks&quot;}\">\u00ab Ces discussions servent \u00e0 aider Isra\u00ebl car il s\u2019agit d\u2019otages isra\u00e9liens \u00bb, a d\u00e9clar\u00e9 Trump aux journalistes alors qu\u2019il signait plusieurs d\u00e9crets dans le Bureau Ovale.<\/p>\n<p data-t=\"{&quot;n&quot;:&quot;blueLinks&quot;}\">\u00ab Nous ne faisons rien pour \u00a0Hamas. Nous ne leur donnons pas d\u2019argent \u00bb, a-t-il poursuivi. \u00ab Il faut n\u00e9gocier. Il y a une diff\u00e9rence entre n\u00e9gocier et payer. Nous voulons faire sortir ces gens. \u00bb<\/p>\n<p class=\"continue-read-break\" data-t=\"{&quot;n&quot;:&quot;blueLinks&quot;}\">\u00c9voquant sa rencontre avec huit otages lib\u00e9r\u00e9s la veille, Trump a d\u00e9clar\u00e9 qu\u2019il avait eu du mal \u00e0 croire leurs r\u00e9cits sur les mauvais traitements subis en captivit\u00e9.<\/p>\n<p data-t=\"{&quot;n&quot;:&quot;blueLinks&quot;}\">Selon la Treizi\u00e8me cha\u00eene, Trump aurait demand\u00e9 \u00e0 plusieurs reprises aux anciens captifs si l\u2019opinion publique isra\u00e9lienne soutenait la poursuite de l\u2019accord sur les otages au-del\u00e0 de la premi\u00e8re phase. Les sondages indiquent que la majorit\u00e9 d\u2019Isra\u00e9liens y est favorable, bien que la base \u00e9lectorale de la coalition soit moins nombreuse \u00e0 soutenir la deuxi\u00e8me phase.<\/p>\n<p class=\"\" data-t=\"{&quot;n&quot;:&quot;blueLinks&quot;}\">Jeudi, Trump a d\u00e9clar\u00e9 que les otages l\u2019avaient encourag\u00e9 \u00e0 poursuivre l\u2019accord.<\/p>\n<p data-t=\"{&quot;n&quot;:&quot;blueLinks&quot;}\">Israel voit d\u2019un tr\u00e8s mauvais \u0153il les discussions directes entre les \u00c9tats-Unis et le Hamas, a confi\u00e9 un responsable gouvernemental au Times of Israel, sous couvert d\u2019anonymat. Selon ce m\u00eame responsable, Isra\u00ebl serait \u00e0 l\u2019origine de la fuite m\u00e9diatique de mercredi r\u00e9v\u00e9lant l\u2019existence de ces n\u00e9gociations, confirmant ainsi une information publi\u00e9e par le site Ynet.<\/p>\n<div class=\"intra-article-module\" data-t=\"{&quot;n&quot;:&quot;intraArticle&quot;,&quot;t&quot;:13}\">\n<div class=\"articlePageIntraArticleFullWidth ad-slot-placeholder left-image-intra-ad collapsed\" data-ad-index=\"1\">\n<div class=\"intra-article-ad-full left-image-intra-ad\"><\/div>\n<\/div>\n<\/div>\n<p data-t=\"{&quot;n&quot;:&quot;blueLinks&quot;}\">Alors que la Maison Blanche assure avoir consult\u00e9 Isra\u00ebl sur la question, le premier ministre isra\u00e9lien Benjamin Netanyahou n\u2019a eu vent de l\u2019existence des n\u00e9gociations am\u00e9ricaines avec le Hamas qu\u2019a posteriori, a ajout\u00e9 le fonctionnaire.<\/p>\n<p data-t=\"{&quot;n&quot;:&quot;blueLinks&quot;}\">D\u2019apr\u00e8s Ynet, les \u00c9tats-Unis ont d\u00e9lib\u00e9r\u00e9ment choisi de ne pas pr\u00e9venir Isra\u00ebl de la r\u00e9cente rencontre entre Adam Boehler, \u00e9missaire de Trump pour les otages, et des repr\u00e9sentants de Hamas, car lors d\u2019une tentative pr\u00e9c\u00e9dente, Washington avait sollicit\u00e9 l\u2019avis d\u2019Isra\u00ebl, ce qui avait conduit Isra\u00ebl \u00e0 exprimer une vive opposition, for\u00e7ant les \u00c9tats-Unis \u00e0 annuler la r\u00e9union programm\u00e9e.<\/p>\n<p data-t=\"{&quot;n&quot;:&quot;blueLinks&quot;}\">Cette fois-ci, Boehler a d\u00e9cid\u00e9 de passer outre.<\/p>\n<p data-t=\"{&quot;n&quot;:&quot;blueLinks&quot;}\">Une fois inform\u00e9 de cette r\u00e9union, apr\u00e8s coup, Isra\u00ebl aurait cherch\u00e9 \u00e0 torpiller l\u2019initiative en le divulguant aux m\u00e9dias, pr\u00e9cise Ynet.<\/p>\n<p data-t=\"{&quot;n&quot;:&quot;blueLinks&quot;}\">Le responsable du gouvernement a indiqu\u00e9 au Times of Israel que cette fuite avait pleinement atteint son objectif, puisque les pourparlers avec le Hamas ont \u00e9t\u00e9 gel\u00e9s depuis.<\/p>\n<p data-t=\"{&quot;n&quot;:&quot;blueLinks&quot;}\"><a href=\"https:\/\/www.msn.com\/fr-xl\/afrique-du-nord\/other\/trump-d%C3%A9fend-les-pourparlers-directs-avec-hamas-isra%C3%ABl-en-col%C3%A8re-tente-de-les-torpiller\/ar-AA1AsAxT?ocid=msedgdhp&amp;pc=U531&amp;cvid=5d6769f22a2948928cb1bec46ca52d68&amp;ei=15\">Trump d\u00e9fend les pourparlers directs avec Hamas ; Isra\u00ebl en col\u00e8re, tente de les torpiller<\/a><\/p>\n","protected":false},"excerpt":{"rendered":"<p>Le pr\u00e9sident am\u00e9ricain Donald Trump a d\u00e9fendu jeudi les n\u00e9gociations directes sans pr\u00e9c\u00e9dent men\u00e9es par son administration avec Hamas, affirmant qu\u2019elles avaient pour objectif d\u2019aider Isra\u00ebl et d\u2019obtenir la lib\u00e9ration d\u2019otages isra\u00e9liens, relate The Times of Israel. \u00ab Ces discussions servent \u00e0 aider Isra\u00ebl car il s\u2019agit d\u2019otages isra\u00e9liens \u00bb, a d\u00e9clar\u00e9 Trump aux journalistes &hellip;<\/p>\n","protected":false},"author":2,"featured_media":14309,"comment_status":"open","ping_status":"open","sticky":false,"template":"","format":"standard","meta":{"footnotes":""},"categories":[18,29],"tags":[],"class_list":["post-14502","post","type-post","status-publish","format-standard","has-post-thumbnail","hentry","category-actualites","category-monde"],"_links":{"self":[{"href":"https:\/\/ladepeche.mr\/index.php?rest_route=\/wp\/v2\/posts\/14502","targetHints":{"allow":["GET"]}}],"collection":[{"href":"https:\/\/ladepeche.mr\/index.php?rest_route=\/wp\/v2\/posts"}],"about":[{"href":"https:\/\/ladepeche.mr\/index.php?rest_route=\/wp\/v2\/types\/post"}],"author":[{"embeddable":true,"href":"https:\/\/ladepeche.mr\/index.php?rest_route=\/wp\/v2\/users\/2"}],"replies":[{"embeddable":true,"href":"https:\/\/ladepeche.mr\/index.php?rest_route=%2Fwp%2Fv2%2Fcomments&post=14502"}],"version-history":[{"count":1,"href":"https:\/\/ladepeche.mr\/index.php?rest_route=\/wp\/v2\/posts\/14502\/revisions"}],"predecessor-version":[{"id":14503,"href":"https:\/\/ladepeche.mr\/index.php?rest_route=\/wp\/v2\/posts\/14502\/revisions\/14503"}],"wp:featuredmedia":[{"embeddable":true,"href":"https:\/\/ladepeche.mr\/index.php?rest_route=\/wp\/v2\/media\/14309"}],"wp:attachment":[{"href":"https:\/\/ladepeche.mr\/index.php?rest_route=%2Fwp%2Fv2%2Fmedia&parent=14502"}],"wp:term":[{"taxonomy":"category","embeddable":true,"href":"https:\/\/ladepeche.mr\/index.php?rest_route=%2Fwp%2Fv2%2Fcategories&post=14502"},{"taxonomy":"post_tag","embeddable":true,"href":"https:\/\/ladepeche.mr\/index.php?rest_route=%2Fwp%2Fv2%2Ftags&post=14502"}],"curies":[{"name":"wp","href":"https:\/\/api.w.org\/{rel}","templated":true}]}}