{"id":14504,"date":"2025-03-07T16:53:39","date_gmt":"2025-03-07T16:53:39","guid":{"rendered":"https:\/\/ladepeche.mr\/?p=14504"},"modified":"2025-03-07T16:53:39","modified_gmt":"2025-03-07T16:53:39","slug":"conflit-social-chinguitti-bank-reduit-unilateralement-les-salaires-de-ses-cadres","status":"publish","type":"post","link":"https:\/\/ladepeche.mr\/?p=14504","title":{"rendered":"Conflit social\u00a0: \u00ab\u00a0Chinguitti Bank\u00bb r\u00e9duit unilat\u00e9ralement les salaires de ses cadres"},"content":{"rendered":"<p>Le directeur g\u00e9n\u00e9ral adjoint de la Libyan Foreign Bank, Ahmed Rajeb, s\u00e9journe \u00e0 Nouakchott, suite \u00e0 la crise \u00e0 des salari\u00e9s de la \u00a0\u00abChinguetti Bank\u00bb, la succursale en Mauritanie, dont le premier responsable avait \u00e9t\u00e9 convoqu\u00e9e par l\u2019inspection r\u00e9gionale du travail.<\/p>\n<p>Le responsable libyen, a \u00e9galement \u00e9t\u00e9 re\u00e7u vendredi par le ministre d\u00e9l\u00e9gu\u00e9 charg\u00e9 du budget, sans doute pour \u00e9voquer cet aspect du conflit latent entre les employ\u00e9s mauritaniens et la succursale de la banque libyenne qui avait d\u00e9cid\u00e9, unilat\u00e9ralement, de revoir \u00e0 la baisse les salaires de cadres mauritaniens. Selon nos confr\u00e8res de Alakhbar qui rapporte la nouvelle, \u00ab\u00a0Chinguetti Bank\u00a0\u00bb aurait unilat\u00e9ralement r\u00e9duit de 30 \u00e0 45 % les salaires d\u2019un groupe de cadres mauritaniens. Ces derniers ont port\u00e9 plainte devant les structures d\u2019arbotrages qui ont convoqu\u00e9 le directeur de la succursale Ayman al-Mahdi Khalil, pour en r\u00e9pondre.<\/p>\n","protected":false},"excerpt":{"rendered":"<p>Le directeur g\u00e9n\u00e9ral adjoint de la Libyan Foreign Bank, Ahmed Rajeb, s\u00e9journe \u00e0 Nouakchott, suite \u00e0 la crise \u00e0 des salari\u00e9s de la \u00a0\u00abChinguetti Bank\u00bb, la succursale en Mauritanie, dont le premier responsable avait \u00e9t\u00e9 convoqu\u00e9e par l\u2019inspection r\u00e9gionale du travail. Le responsable libyen, a \u00e9galement \u00e9t\u00e9 re\u00e7u vendredi par le ministre d\u00e9l\u00e9gu\u00e9 charg\u00e9 du &hellip;<\/p>\n","protected":false},"author":2,"featured_media":14505,"comment_status":"open","ping_status":"open","sticky":false,"template":"","format":"standard","meta":{"footnotes":""},"categories":[18,2],"tags":[],"class_list":["post-14504","post","type-post","status-publish","format-standard","has-post-thumbnail","hentry","category-actualites","category-economie"],"_links":{"self":[{"href":"https:\/\/ladepeche.mr\/index.php?rest_route=\/wp\/v2\/posts\/14504","targetHints":{"allow":["GET"]}}],"collection":[{"href":"https:\/\/ladepeche.mr\/index.php?rest_route=\/wp\/v2\/posts"}],"about":[{"href":"https:\/\/ladepeche.mr\/index.php?rest_route=\/wp\/v2\/types\/post"}],"author":[{"embeddable":true,"href":"https:\/\/ladepeche.mr\/index.php?rest_route=\/wp\/v2\/users\/2"}],"replies":[{"embeddable":true,"href":"https:\/\/ladepeche.mr\/index.php?rest_route=%2Fwp%2Fv2%2Fcomments&post=14504"}],"version-history":[{"count":1,"href":"https:\/\/ladepeche.mr\/index.php?rest_route=\/wp\/v2\/posts\/14504\/revisions"}],"predecessor-version":[{"id":14506,"href":"https:\/\/ladepeche.mr\/index.php?rest_route=\/wp\/v2\/posts\/14504\/revisions\/14506"}],"wp:featuredmedia":[{"embeddable":true,"href":"https:\/\/ladepeche.mr\/index.php?rest_route=\/wp\/v2\/media\/14505"}],"wp:attachment":[{"href":"https:\/\/ladepeche.mr\/index.php?rest_route=%2Fwp%2Fv2%2Fmedia&parent=14504"}],"wp:term":[{"taxonomy":"category","embeddable":true,"href":"https:\/\/ladepeche.mr\/index.php?rest_route=%2Fwp%2Fv2%2Fcategories&post=14504"},{"taxonomy":"post_tag","embeddable":true,"href":"https:\/\/ladepeche.mr\/index.php?rest_route=%2Fwp%2Fv2%2Ftags&post=14504"}],"curies":[{"name":"wp","href":"https:\/\/api.w.org\/{rel}","templated":true}]}}