{"id":14507,"date":"2025-03-08T13:59:29","date_gmt":"2025-03-08T13:59:29","guid":{"rendered":"https:\/\/ladepeche.mr\/?p=14507"},"modified":"2025-03-08T13:59:29","modified_gmt":"2025-03-08T13:59:29","slug":"journee-internationale-de-la-femme-changer-les-mentalites-liberer-la-pensee-ministre","status":"publish","type":"post","link":"https:\/\/ladepeche.mr\/?p=14507","title":{"rendered":"Journ\u00e9e internationale de la femme: &#8220;Changer les mentalit\u00e9s, lib\u00e9rer la pens\u00e9e&#8221; (ministre)"},"content":{"rendered":"<p>Une v\u00e9ritable renaissance ne peut se r\u00e9aliser qu\u2019en changeant les mentalit\u00e9s et en lib\u00e9rant l\u2019esprit des entraves du pass\u00e9, a d\u00e9clar\u00e9 Mme Savia Mint N\u2019Tahah, ministre de l\u2019action sociale, de l\u2019enfance et de la famille, soulignant que le d\u00e9partement s\u2019est attach\u00e9 \u00e0 mettre en \u0153uvre des programmes de sensibilisation qui corrigent les st\u00e9r\u00e9otypes et ouvrent l\u2019horizon aux femmes pour qu\u2019elles puissent avancer sans obstacles ni restrictions, ajoutant que le lancement d\u2019une cha\u00eene de t\u00e9l\u00e9vision consacr\u00e9e \u00e0 la femme et \u00e0 la famille est un message clair que la voix de la femme doit \u00eatre entendue et que ses questions doivent \u00eatre au premier plan.<\/p>\n<p>Ces propos ont \u00e9t\u00e9 tenus dans un discours prononc\u00e9 par la ministre vendredi soir \u00e0 l\u2019occasion de la comm\u00e9moration de la Journ\u00e9e internationale de la femme, qui co\u00efncide avec le 8 mars de chaque ann\u00e9e :<\/p>\n<p>\u201cS\u0153urs femmes mauritaniennes, s\u0153urs filles mauritaniennes,<\/p>\n<p>Que la paix, la mis\u00e9ricorde et les b\u00e9n\u00e9dictions d\u2019Allah soient sur vous.<\/p>\n<p>\u00c0 l\u2019occasion du 8 mars, Journ\u00e9e internationale de la femme, je tiens \u00e0 vous adresser mes plus chaleureuses f\u00e9licitations et mes meilleurs v\u0153ux.<\/p>\n<p>La co\u00efncidence de la Journ\u00e9e internationale de la femme avec le mois sacr\u00e9 du Ramadan lui conf\u00e8re une signification particuli\u00e8re et nous incite \u00e0 nous inspirer de notre sainte religion, o\u00f9 l\u2019Islam honore les femmes, \u00e9l\u00e8ve leur statut et prot\u00e8ge leurs droits.<\/p>\n<p>Son Excellence le Pr\u00e9sident de la R\u00e9publique, M. Mohamed Ould Cheikh El Ghazouani, a consacr\u00e9 la plupart de ses programmes de d\u00e9veloppement et de ses discours \u00e0 l\u2019autonomisation des femmes et au renforcement de leur r\u00f4le dans l\u2019\u00e9dification d\u2019une soci\u00e9t\u00e9 o\u00f9 leurs droits et leur dignit\u00e9 sont pr\u00e9serv\u00e9s, et le gouvernement, sous la conduite du Premier ministre M. Moctar Ould Diay, \u0153uvre \u00e0 traduire les programmes sur le terrain, par le biais de politiques et d\u2019actions qui renforcent leur pr\u00e9sence dans divers domaines.<\/p>\n<p>C\u2019est dans cette optique que nous comm\u00e9morons cette ann\u00e9e la Journ\u00e9e internationale de la femme sous le slogan \u00ab L\u2019autonomisation des femmes et des filles est un outil s\u00fbr pour le d\u00e9veloppement \u00bb, un slogan qui est en ligne droite avec les ambitions de Son Excellence le Pr\u00e9sident de la R\u00e9publique et qui nous donne l\u2019occasion d\u2019identifier les r\u00e9alisations les plus importantes faites par les femmes mauritaniennes, les obstacles qui emp\u00eachent leur autonomisation et les actions les plus importantes \u00e0 entreprendre dans la p\u00e9riode \u00e0 venir en faveur de l\u2019autonomisation des femmes et des filles dans notre pays.<\/p>\n<p>Les \u00e9v\u00e9nements qui marqueront la Journ\u00e9e internationale de la femme cette ann\u00e9e se distingueront par le fait qu\u2019ils mettront l\u2019accent sur l\u2019hommage aux femmes qui ont contribu\u00e9, de par leur position, au droit des femmes \u00e0 l\u2019inclusion et \u00e0 l\u2019autonomisation, et les activit\u00e9s culturelles et m\u00e9diatiques visant \u00e0 changer les mentalit\u00e9s occuperont une grande place dans ces \u00e9v\u00e9nements.<\/p>\n<p>Mesdames et Messieurs,<\/p>\n<p>Au cours de la p\u00e9riode \u00e9coul\u00e9e, nous nous sommes efforc\u00e9s d\u2019am\u00e9liorer le statut des femmes sur le plan \u00e9conomique, de promouvoir leur participation politique, de les autonomiser sur le plan social et culturel, et de prot\u00e9ger et de sauvegarder leurs droits, afin qu\u2019elles puissent se frayer un chemin vers un avenir plus radieux.<\/p>\n<p>Dans le domaine de l\u2019autonomisation \u00e9conomique, les programmes de financement des coop\u00e9ratives de femmes ont \u00e9t\u00e9 \u00e9tendus, permettant \u00e0 plus de 8 000 femmes de contribuer au d\u00e9veloppement national, dont plus de 1 000 femmes handicap\u00e9es, ce qui a contribu\u00e9 \u00e0 renforcer leurs capacit\u00e9s de production.<\/p>\n<p>En ce qui concerne l\u2019\u00e9largissement de la participation des femmes aux centres de d\u00e9cision, elle a connu une augmentation remarquable dans divers postes gouvernementaux, repr\u00e9sentant plus d\u2019un tiers des fonctionnaires, plus d\u2019un cinqui\u00e8me du parlement et plus d\u2019un tiers des conseils locaux et r\u00e9gionaux, ce qui refl\u00e8te la volont\u00e9 politique de leur faire une place en tant qu\u2019actrices cl\u00e9s dans la mise en \u0153uvre des politiques nationales.<\/p>\n<p>Le plaidoyer de la Premi\u00e8re Dame Dr Mariem Mint Mohamed Vadel Ould Dah a jou\u00e9 un r\u00f4le pr\u00e9pond\u00e9rant dans l\u2019atteinte de ces indicateurs, car l\u2019initiative nationale qu\u2019elle a dirig\u00e9e a \u00e9t\u00e9 un facteur important dans l\u2019autonomisation politique des femmes mauritaniennes \u00e0 travers la formation et la qualification, la mobilisation de l\u2019opinion publique et la sensibilisation des partis politiques \u00e0 l\u2019importance de l\u2019autonomisation des femmes.<\/p>\n<p>En ce qui concerne l\u2019am\u00e9lioration des services sociaux et de sant\u00e9, des efforts ont \u00e9t\u00e9 faits pour d\u00e9velopper des programmes de soins de sant\u00e9 pour les femmes et \u00e9tendre les campagnes de sensibilisation sur la sant\u00e9 maternelle et infantile afin de r\u00e9duire le taux de mortalit\u00e9 maternelle et n\u00e9onatale, et un programme de plaidoyer et de sensibilisation a \u00e9t\u00e9 organis\u00e9 pour \u00e9liminer toutes les formes de violence \u00e0 l\u2019\u00e9gard des femmes et des filles, sur la base d\u2019une approche proactive qui vise \u00e0 pr\u00e9venir l\u2019apparition de la violence \u00e0 l\u2019\u00e9gard des femmes.<\/p>\n<p>Conscients de l\u2019importance de l\u2019\u00e9ducation dans la construction d\u2019une soci\u00e9t\u00e9 forte, les programmes d\u2019\u00e9ducation et de formation destin\u00e9s aux filles et aux femmes ont \u00e9t\u00e9 renforc\u00e9s afin d\u2019assurer leur acc\u00e8s effectif au march\u00e9 du travail et de leur offrir des chances \u00e9gales dans diff\u00e9rentes disciplines. Dans ce contexte, plus de 1 000 filles victimes d\u2019abandon scolaire et filles sans instruction ont b\u00e9n\u00e9fici\u00e9 d\u2019une formation professionnelle r\u00e9pondant aux besoins du march\u00e9. L\u2019acc\u00e8s des enfants \u00e0 l\u2019\u00e9ducation pr\u00e9scolaire a \u00e9t\u00e9 doubl\u00e9, lib\u00e9rant ainsi une grande partie du temps des femmes, tandis que les filles handicap\u00e9es b\u00e9n\u00e9ficient d\u2019une \u00e9ducation sp\u00e9cialis\u00e9e adapt\u00e9e \u00e0 leur handicap.<\/p>\n<p>Une v\u00e9ritable renaissance ne peut se construire qu\u2019en changeant les mentalit\u00e9s et en lib\u00e9rant les esprits des carcans du pass\u00e9. Notre d\u00e9partement a donc tenu \u00e0 mettre en \u0153uvre des programmes de sensibilisation qui corrigent les st\u00e9r\u00e9otypes et ouvrent l\u2019horizon aux femmes pour qu\u2019elles puissent avancer sans obstacles ni restrictions. Pour promouvoir cela, nous avons lanc\u00e9 la premi\u00e8re cha\u00eene de t\u00e9l\u00e9vision consacr\u00e9e aux femmes et \u00e0 la famille se voulant un message clair que les voix des femmes doivent \u00eatre entendues et que leurs questions doivent \u00eatre au premier plan.<\/p>\n<p>Dans le domaine de la protection des femmes et des filles, notre d\u00e9partement a pris un certain nombre de mesures pertinentes, comprenant, entre autres :<\/p>\n<p>\u2013 La formation de comit\u00e9s sectoriels pour institutionnaliser le genre dans les diff\u00e9rents d\u00e9partements gouvernementaux concern\u00e9s.<\/p>\n<p>\u2013 Poursuite de la campagne pour l\u2019abandon volontaire des pratiques n\u00e9fastes \u00e0 l\u2019\u00e9gard des filles dans l\u2019ensemble du pays.<\/p>\n<p>\u2013 Renforcer les m\u00e9canismes de m\u00e9diation sociale pour r\u00e9soudre les conflits familiaux, en apportant un soutien en cas de besoin.<\/p>\n<p>\u2013 Lancement des neuf centres d\u2019\u00e9coute pour les femmes victimes de violence, r\u00e9partis entre Nouakchott et certaines wilayas de l\u2019int\u00e9rieur, pour servir d\u2019espace \u00e0 toute femme en qu\u00eate de protection et de soutien.<\/p>\n<p>\u2013 Le lancement du Fonds de garantie des pensions alimentaires, une \u00e9tape cruciale pour garantir les droits des femmes et des enfants.<\/p>\n<p>Mesdames et Messieurs<\/p>\n<p>Nous ne pr\u00e9tendons pas que la route est enti\u00e8rement pav\u00e9e, ni que les d\u00e9fis ont \u00e9t\u00e9 \u00e9limin\u00e9s, car nous nous heurtons encore \u00e0 des obstacles qui n\u00e9cessitent des efforts concert\u00e9s, dont les plus importants sont les suivants :<\/p>\n<p>\u2013 Les taux \u00e9lev\u00e9s d\u2019analphab\u00e9tisme chez les femmes, qui constituent un obstacle \u00e0 la r\u00e9alisation de leurs ambitions.<\/p>\n<p>\u2013 Des mentalit\u00e9s et des st\u00e9r\u00e9otypes d\u00e9pass\u00e9s qui entravent les femmes et limitent leur mobilit\u00e9.<\/p>\n<p>\u2013 Le manque d\u2019acc\u00e8s des femmes aux financements importants, que nous nous effor\u00e7ons de changer.<\/p>\n<p>\u2013 Le caract\u00e8re al\u00e9atoire du mariage et du divorce et les d\u00e9g\u00e2ts psychologiques et sociaux qu\u2019ils causent, et nous travaillons actuellement \u00e0 la r\u00e9vision du Code du statut personnel.<\/p>\n<p>\u2013 La question de l\u2019acc\u00e8s \u00e0 la propri\u00e9t\u00e9, qui emp\u00eache de nombreuses femmes de parvenir \u00e0 l\u2019ind\u00e9pendance \u00e9conomique, sera trait\u00e9e en coop\u00e9ration avec les autorit\u00e9s comp\u00e9tentes.<\/p>\n<p>Dans ce contexte, nous continuerons \u00e0 mettre en \u0153uvre des programmes li\u00e9s \u00e0 la promotion et au d\u00e9veloppement de l\u2019entrepreneuriat f\u00e9minin, notamment en encourageant l\u2019entrepreneuriat au sein des familles productives, en particulier les m\u00e9nages dirig\u00e9s par une femme.<\/p>\n<p>Avant de conclure ce discours, je voudrais remercier tous nos partenaires au d\u00e9veloppement pour leur soutien \u00e0 notre d\u00e9partement, en particulier en ce qui concerne l\u2019autonomisation des femmes et des filles.<\/p>\n<p>Vive la femme mauritanienne, chaque ann\u00e9e la femme est plus forte, plus pr\u00e9sente, plus accomplie.<\/p>\n<p>Je vous remercie et que la paix, la mis\u00e9ricorde et les b\u00e9n\u00e9dictions d\u2019Allah soient sur vous\u00bb.<\/p>\n<p>Ami<\/p>\n","protected":false},"excerpt":{"rendered":"<p>Une v\u00e9ritable renaissance ne peut se r\u00e9aliser qu\u2019en changeant les mentalit\u00e9s et en lib\u00e9rant l\u2019esprit des entraves du pass\u00e9, a d\u00e9clar\u00e9 Mme Savia Mint N\u2019Tahah, ministre de l\u2019action sociale, de l\u2019enfance et de la famille, soulignant que le d\u00e9partement s\u2019est attach\u00e9 \u00e0 mettre en \u0153uvre des programmes de sensibilisation qui corrigent les st\u00e9r\u00e9otypes et ouvrent &hellip;<\/p>\n","protected":false},"author":2,"featured_media":14508,"comment_status":"open","ping_status":"open","sticky":false,"template":"","format":"standard","meta":{"footnotes":""},"categories":[18],"tags":[],"class_list":["post-14507","post","type-post","status-publish","format-standard","has-post-thumbnail","hentry","category-actualites"],"_links":{"self":[{"href":"https:\/\/ladepeche.mr\/index.php?rest_route=\/wp\/v2\/posts\/14507","targetHints":{"allow":["GET"]}}],"collection":[{"href":"https:\/\/ladepeche.mr\/index.php?rest_route=\/wp\/v2\/posts"}],"about":[{"href":"https:\/\/ladepeche.mr\/index.php?rest_route=\/wp\/v2\/types\/post"}],"author":[{"embeddable":true,"href":"https:\/\/ladepeche.mr\/index.php?rest_route=\/wp\/v2\/users\/2"}],"replies":[{"embeddable":true,"href":"https:\/\/ladepeche.mr\/index.php?rest_route=%2Fwp%2Fv2%2Fcomments&post=14507"}],"version-history":[{"count":1,"href":"https:\/\/ladepeche.mr\/index.php?rest_route=\/wp\/v2\/posts\/14507\/revisions"}],"predecessor-version":[{"id":14509,"href":"https:\/\/ladepeche.mr\/index.php?rest_route=\/wp\/v2\/posts\/14507\/revisions\/14509"}],"wp:featuredmedia":[{"embeddable":true,"href":"https:\/\/ladepeche.mr\/index.php?rest_route=\/wp\/v2\/media\/14508"}],"wp:attachment":[{"href":"https:\/\/ladepeche.mr\/index.php?rest_route=%2Fwp%2Fv2%2Fmedia&parent=14507"}],"wp:term":[{"taxonomy":"category","embeddable":true,"href":"https:\/\/ladepeche.mr\/index.php?rest_route=%2Fwp%2Fv2%2Fcategories&post=14507"},{"taxonomy":"post_tag","embeddable":true,"href":"https:\/\/ladepeche.mr\/index.php?rest_route=%2Fwp%2Fv2%2Ftags&post=14507"}],"curies":[{"name":"wp","href":"https:\/\/api.w.org\/{rel}","templated":true}]}}