{"id":14510,"date":"2025-03-08T14:03:05","date_gmt":"2025-03-08T14:03:05","guid":{"rendered":"https:\/\/ladepeche.mr\/?p=14510"},"modified":"2025-03-08T14:03:05","modified_gmt":"2025-03-08T14:03:05","slug":"berlin-paris-londres-et-rome-saluent-le-plan-arabe-pour-la-reconstruction-de-gaza","status":"publish","type":"post","link":"https:\/\/ladepeche.mr\/?p=14510","title":{"rendered":"Berlin, Paris, Londres et Rome saluent le plan arabe pour la reconstruction de Gaza"},"content":{"rendered":"<p data-t=\"{&quot;n&quot;:&quot;blueLinks&quot;}\"><strong>L\u2019Allemagne, la France, le Royaume-Uni et l\u2019Italie ont\u00a0<em>\u00ab\u00a0salu\u00e9\u00a0\u00bb<\/em>\u00a0samedi le plan arabe pour Gaza qui pr\u00e9sente, ont ils soulign\u00e9 dans un communiqu\u00e9 commun,<\/strong><strong>\u00a0<em>\u00ab\u00a0une voie r\u00e9aliste vers la reconstruction de Gaza\u00a0\u00bb<\/em><\/strong><strong>.<\/strong><\/p>\n<p data-t=\"{&quot;n&quot;:&quot;blueLinks&quot;}\"><em>\u00ab\u00a0S\u2019il est mis en \u0153uvre\u00a0\u00bb,<\/em>\u00a0ce\u00a0<a href=\"https:\/\/fr.hespress.com\/414474-loci-adopte-le-plan-arabe-pour-gaza-pour-contrer-celui-de-trump.html\" target=\"_blank\" rel=\"noopener\" data-t=\"{&quot;n&quot;:&quot;destination&quot;,&quot;t&quot;:13,&quot;b&quot;:1,&quot;c.t&quot;:7}\">plan<\/a>\u00a0promet\u00a0<em>\u00ab\u00a0une am\u00e9lioration rapide et durable des conditions de vie catastrophiques des Palestiniens vivant \u00e0 Gaza\u00a0\u00bb<\/em>, selon ce communiqu\u00e9 des ministres des Affaires \u00e9trang\u00e8res de ces pays diffus\u00e9 \u00e0 Berlin.<\/p>\n<div class=\"intra-article-module\" data-t=\"{&quot;n&quot;:&quot;intraArticle&quot;,&quot;t&quot;:13}\">\n<div class=\"articlePageIntraArticleFullWidth ad-slot-placeholder left-image-intra-ad collapsed\" data-ad-index=\"0\">\n<div class=\"intra-article-ad-full left-image-intra-ad\"><\/div>\n<\/div>\n<\/div>\n<p class=\"continue-read-break\" data-t=\"{&quot;n&quot;:&quot;blueLinks&quot;}\">Il intervient apr\u00e8s l\u2019adoption formelle du plan arabe par l\u2019Organisation de la coop\u00e9ration islamique (OCI). L\u2019initiative arabe se veut une r\u00e9ponse \u00e0 celui du pr\u00e9sident am\u00e9ricain Donald Trump de prendre le contr\u00f4le du territoire palestinien et d\u2019en expulser ses habitants.<\/p>\n<p data-t=\"{&quot;n&quot;:&quot;blueLinks&quot;}\">L\u2019OCI, qui repr\u00e9sente le monde musulman, avait appel\u00e9 dans la foul\u00e9e\u00a0<em>\u00ab\u00a0la communaut\u00e9 internationale et les institutions de financement internationales et r\u00e9gionales \u00e0 apporter rapidement le soutien n\u00e9cessaire \u00e0 ce plan\u00a0\u00bb.<\/em><\/p>\n<p data-t=\"{&quot;n&quot;:&quot;blueLinks&quot;}\">Pr\u00e9par\u00e9 par l\u2019Egypte, il pr\u00e9voit de reconstruire la bande de Gaza, d\u00e9truite par 15 mois de guerre entre Isra\u00ebl et le Hamas, sans d\u00e9placer ses 2,4 millions d\u2019habitants.<\/p>\n<p class=\"\" data-t=\"{&quot;n&quot;:&quot;blueLinks&quot;}\">Le plan met de facto \u00e0 l\u2019\u00e9cart le Hamas et pr\u00e9voit un retour de l\u2019Autorit\u00e9 palestinienne, chass\u00e9e du territoire en 2007 par le mouvement islamiste palestinien.<\/p>\n<p data-t=\"{&quot;n&quot;:&quot;blueLinks&quot;}\">Il a toutefois \u00e9t\u00e9 rejet\u00e9 par Isra\u00ebl et critiqu\u00e9 par les Etats-Unis.<\/p>\n<div class=\"intra-article-module\" data-t=\"{&quot;n&quot;:&quot;intraArticle&quot;,&quot;t&quot;:13}\">\n<div class=\"articlePageIntraArticleFullWidth ad-slot-placeholder left-image-intra-ad collapsed\" data-ad-index=\"1\">\n<div class=\"intra-article-ad-full left-image-intra-ad\"><\/div>\n<\/div>\n<\/div>\n<p data-t=\"{&quot;n&quot;:&quot;blueLinks&quot;}\"><em>\u00ab\u00a0Il est clair pour nous que le Hamas ne doit plus gouverner Gaza ni constituer une menace pour Isra\u00ebl\u00a0\u00bb,<\/em>\u00a0ont soulign\u00e9 les ministres europ\u00e9ens.<\/p>\n<p data-t=\"{&quot;n&quot;:&quot;blueLinks&quot;}\"><em>\u00ab\u00a0Nous saluons les efforts s\u00e9rieux de toutes les parties prenantes impliqu\u00e9es et appr\u00e9cions le signal important que les \u00c9tats arabes ont envoy\u00e9 en d\u00e9veloppant conjointement ce plan de rel\u00e8vement et de reconstruction\u00a0\u00bb,<\/em>\u00a0ont-ils encore d\u00e9clar\u00e9.<\/p>\n<p data-t=\"{&quot;n&quot;:&quot;blueLinks&quot;}\">Ils ont ajout\u00e9 s\u2019engager\u00a0<em>\u00ab\u00a0\u00e0 travailler avec l\u2019initiative arabe, les Palestiniens et Isra\u00ebl pour aborder ensemble ces questions, y compris la s\u00e9curit\u00e9 et la gouvernance\u00a0\u00bb.<\/em><\/p>\n<p data-t=\"{&quot;n&quot;:&quot;blueLinks&quot;}\">A noter que le Maroc \u00e9tait repr\u00e9sent\u00e9 \u00e0 la 20\u00e8me session extraordinaire du Conseil des MAE de l\u2019OCI par l\u2019Ambassadeur DG des Affaires Politiques Internationales, Fouad Yazourh.<\/p>\n<p data-t=\"{&quot;n&quot;:&quot;blueLinks&quot;}\">The post\u00a0<a href=\"https:\/\/fr.hespress.com\/414519-berlin-paris-londres-et-rome-saluent-le-plan-arabe-pour-la-reconstruction-de-gaza.html\" target=\"_blank\" rel=\"noopener\" data-t=\"{&quot;n&quot;:&quot;destination&quot;,&quot;t&quot;:13,&quot;b&quot;:1,&quot;c.t&quot;:7}\">Berlin, Paris, Londres et Rome saluent le plan arabe pour la reconstruction de Gaza<\/a>\u00a0appeared first on\u00a0<a href=\"https:\/\/fr.hespress.com\/\" target=\"_blank\" rel=\"noopener\" data-t=\"{&quot;n&quot;:&quot;destination&quot;,&quot;t&quot;:13,&quot;b&quot;:1,&quot;c.t&quot;:7}\">Hespress Fran\u00e7ais &#8211; Actualit\u00e9s du Maroc<\/a>.<\/p>\n","protected":false},"excerpt":{"rendered":"<p>L\u2019Allemagne, la France, le Royaume-Uni et l\u2019Italie ont\u00a0\u00ab\u00a0salu\u00e9\u00a0\u00bb\u00a0samedi le plan arabe pour Gaza qui pr\u00e9sente, ont ils soulign\u00e9 dans un communiqu\u00e9 commun,\u00a0\u00ab\u00a0une voie r\u00e9aliste vers la reconstruction de Gaza\u00a0\u00bb. \u00ab\u00a0S\u2019il est mis en \u0153uvre\u00a0\u00bb,\u00a0ce\u00a0plan\u00a0promet\u00a0\u00ab\u00a0une am\u00e9lioration rapide et durable des conditions de vie catastrophiques des Palestiniens vivant \u00e0 Gaza\u00a0\u00bb, selon ce communiqu\u00e9 des ministres des Affaires &hellip;<\/p>\n","protected":false},"author":2,"featured_media":14511,"comment_status":"open","ping_status":"open","sticky":false,"template":"","format":"standard","meta":{"footnotes":""},"categories":[18],"tags":[],"class_list":["post-14510","post","type-post","status-publish","format-standard","has-post-thumbnail","hentry","category-actualites"],"_links":{"self":[{"href":"https:\/\/ladepeche.mr\/index.php?rest_route=\/wp\/v2\/posts\/14510","targetHints":{"allow":["GET"]}}],"collection":[{"href":"https:\/\/ladepeche.mr\/index.php?rest_route=\/wp\/v2\/posts"}],"about":[{"href":"https:\/\/ladepeche.mr\/index.php?rest_route=\/wp\/v2\/types\/post"}],"author":[{"embeddable":true,"href":"https:\/\/ladepeche.mr\/index.php?rest_route=\/wp\/v2\/users\/2"}],"replies":[{"embeddable":true,"href":"https:\/\/ladepeche.mr\/index.php?rest_route=%2Fwp%2Fv2%2Fcomments&post=14510"}],"version-history":[{"count":1,"href":"https:\/\/ladepeche.mr\/index.php?rest_route=\/wp\/v2\/posts\/14510\/revisions"}],"predecessor-version":[{"id":14512,"href":"https:\/\/ladepeche.mr\/index.php?rest_route=\/wp\/v2\/posts\/14510\/revisions\/14512"}],"wp:featuredmedia":[{"embeddable":true,"href":"https:\/\/ladepeche.mr\/index.php?rest_route=\/wp\/v2\/media\/14511"}],"wp:attachment":[{"href":"https:\/\/ladepeche.mr\/index.php?rest_route=%2Fwp%2Fv2%2Fmedia&parent=14510"}],"wp:term":[{"taxonomy":"category","embeddable":true,"href":"https:\/\/ladepeche.mr\/index.php?rest_route=%2Fwp%2Fv2%2Fcategories&post=14510"},{"taxonomy":"post_tag","embeddable":true,"href":"https:\/\/ladepeche.mr\/index.php?rest_route=%2Fwp%2Fv2%2Ftags&post=14510"}],"curies":[{"name":"wp","href":"https:\/\/api.w.org\/{rel}","templated":true}]}}