{"id":14513,"date":"2025-03-09T21:40:05","date_gmt":"2025-03-09T21:40:05","guid":{"rendered":"https:\/\/ladepeche.mr\/?p=14513"},"modified":"2025-03-09T21:40:05","modified_gmt":"2025-03-09T21:40:05","slug":"trois-quarts-des-israeliens-pour-la-demission-de-netanyahou-et-la-poursuite-de-laccord-de-cessez-le-feu","status":"publish","type":"post","link":"https:\/\/ladepeche.mr\/?p=14513","title":{"rendered":"Trois-quarts des Isra\u00e9liens pour la d\u00e9mission de Netanyahou et la poursuite de l\u2019accord de cessez-le-feu"},"content":{"rendered":"<p data-t=\"{&quot;n&quot;:&quot;blueLinks&quot;}\">Pr\u00e8s de trois-quarts des Isra\u00e9liens pensent que le Premier ministre Benjamin Netanyahou devrait d\u00e9missionner maintenant ou apr\u00e8s la guerre et accepter la responsabilit\u00e9 de son r\u00f4le le 7 octobre, selon un sondage de l\u2019Institut isra\u00e9lien de la d\u00e9mocratie (IDI).<\/p>\n<p data-t=\"{&quot;n&quot;:&quot;blueLinks&quot;}\">48 % des personnes interrog\u00e9es estiment que \u00a0Netanyahou devrait accepter sa responsabilit\u00e9 et d\u00e9missionner imm\u00e9diatement, tandis qu\u2019un quart d\u2019entre elles estiment qu\u2019il devrait d\u00e9missionner apr\u00e8s la fin de la guerre entre Isra\u00ebl et le Hamas. Seulement 10 % des personnes interrog\u00e9es estiment qu\u2019il ne devrait pas accepter la responsabilit\u00e9 et ne devrait pas d\u00e9missionner.<\/p>\n<p class=\"continue-read-break\" data-t=\"{&quot;n&quot;:&quot;blueLinks&quot;}\">En ce qui concerne la deuxi\u00e8me phase de l\u2019accord sur le cessez-le-feu et les otages, environ 73 % des personnes interrog\u00e9es soutiennent la poursuite de l\u2019accord afin d\u2019obtenir la lib\u00e9ration de tous les otages, m\u00eame au prix fort, qui comprend une cessation compl\u00e8te des hostilit\u00e9s, le retrait de Gaza et la lib\u00e9ration des prisonniers palestiniens.<\/p>\n<p data-t=\"{&quot;n&quot;:&quot;blueLinks&quot;}\">Environ 50 % des Isra\u00e9liens pensent que l\u2019administration Trump ne se d\u00e9tournera pas d\u2019Isra\u00ebl, tandis que pr\u00e8s de 40 % estiment qu\u2019il y a des chances assez \u00e9lev\u00e9es ou tr\u00e8s \u00e9lev\u00e9es que Trump se d\u00e9tourne du pays s\u2019il s\u2019av\u00e8re qu\u2019il pense que les priorit\u00e9s des deux pays ne sont pas align\u00e9es.<\/p>\n<p data-t=\"{&quot;n&quot;:&quot;blueLinks&quot;}\">Interrog\u00e9s sur la possibilit\u00e9 que l\u2019ancien ministre de la s\u00e9curit\u00e9 nationale Itamar Ben-Gvir reprenne son poste, 70 % pensent que ce serait inappropri\u00e9.<\/p>\n<p data-t=\"{&quot;n&quot;:&quot;blueLinks&quot;}\"><a href=\"https:\/\/www.msn.com\/fr-xl\/afrique-du-nord\/actualite\/trois-quarts-des-isra%C3%A9liens-pour-la-d%C3%A9mission-de-netanyahou-et-la-poursuite-de-l-accord-de-cessez-le-feu\/ar-AA1AyN1s?ocid=msedgntp&amp;pc=U531&amp;cvid=1d4d9888a6b8476293e038fb17470509&amp;ei=71\">Trois-quarts des Isra\u00e9liens pour la d\u00e9mission de Netanyahou et la poursuite de l\u2019accord de cessez-le-feu<\/a><\/p>\n","protected":false},"excerpt":{"rendered":"<p>Pr\u00e8s de trois-quarts des Isra\u00e9liens pensent que le Premier ministre Benjamin Netanyahou devrait d\u00e9missionner maintenant ou apr\u00e8s la guerre et accepter la responsabilit\u00e9 de son r\u00f4le le 7 octobre, selon un sondage de l\u2019Institut isra\u00e9lien de la d\u00e9mocratie (IDI). 48 % des personnes interrog\u00e9es estiment que \u00a0Netanyahou devrait accepter sa responsabilit\u00e9 et d\u00e9missionner imm\u00e9diatement, tandis &hellip;<\/p>\n","protected":false},"author":2,"featured_media":14390,"comment_status":"open","ping_status":"open","sticky":false,"template":"","format":"standard","meta":{"footnotes":""},"categories":[18,29],"tags":[],"class_list":["post-14513","post","type-post","status-publish","format-standard","has-post-thumbnail","hentry","category-actualites","category-monde"],"_links":{"self":[{"href":"https:\/\/ladepeche.mr\/index.php?rest_route=\/wp\/v2\/posts\/14513","targetHints":{"allow":["GET"]}}],"collection":[{"href":"https:\/\/ladepeche.mr\/index.php?rest_route=\/wp\/v2\/posts"}],"about":[{"href":"https:\/\/ladepeche.mr\/index.php?rest_route=\/wp\/v2\/types\/post"}],"author":[{"embeddable":true,"href":"https:\/\/ladepeche.mr\/index.php?rest_route=\/wp\/v2\/users\/2"}],"replies":[{"embeddable":true,"href":"https:\/\/ladepeche.mr\/index.php?rest_route=%2Fwp%2Fv2%2Fcomments&post=14513"}],"version-history":[{"count":1,"href":"https:\/\/ladepeche.mr\/index.php?rest_route=\/wp\/v2\/posts\/14513\/revisions"}],"predecessor-version":[{"id":14514,"href":"https:\/\/ladepeche.mr\/index.php?rest_route=\/wp\/v2\/posts\/14513\/revisions\/14514"}],"wp:featuredmedia":[{"embeddable":true,"href":"https:\/\/ladepeche.mr\/index.php?rest_route=\/wp\/v2\/media\/14390"}],"wp:attachment":[{"href":"https:\/\/ladepeche.mr\/index.php?rest_route=%2Fwp%2Fv2%2Fmedia&parent=14513"}],"wp:term":[{"taxonomy":"category","embeddable":true,"href":"https:\/\/ladepeche.mr\/index.php?rest_route=%2Fwp%2Fv2%2Fcategories&post=14513"},{"taxonomy":"post_tag","embeddable":true,"href":"https:\/\/ladepeche.mr\/index.php?rest_route=%2Fwp%2Fv2%2Ftags&post=14513"}],"curies":[{"name":"wp","href":"https:\/\/api.w.org\/{rel}","templated":true}]}}