{"id":14520,"date":"2025-03-10T11:19:09","date_gmt":"2025-03-10T11:19:09","guid":{"rendered":"https:\/\/ladepeche.mr\/?p=14520"},"modified":"2025-03-10T12:19:51","modified_gmt":"2025-03-10T12:19:51","slug":"rencontre-avec-la-classe-politique-dialoguer-avec-qui","status":"publish","type":"post","link":"https:\/\/ladepeche.mr\/?p=14520","title":{"rendered":"Rencontres avec la classe politique\u00a0: Dialoguer avec qui\u00a0?"},"content":{"rendered":"<p>Annonc\u00e9 r\u00e9cemment par le premier Ministre, Ould Diaye, le dialogue commence \u00e0 prendre forme \u00e0 l\u2019occasion des audiences du pr\u00e9sident Ghazouani avec des leaders politiques de tous bords y compris l\u2019opposition radicale. Si l\u2019objectif central est de parvenir \u00e0 un apaisement politique total, le contour de ce dialogue, le chemin pour y parvenir et les r\u00e9sultats qui en d\u00e9couleraient ne semblent pas tout \u00e0 fait \u00e9vidents pour tous.<\/p>\n<p>Le premier Ministre, Mokhtar Ould Diaye, avait d\u00e9j\u00e0 annonc\u00e9, en septembre 2024, l\u2019intention des autorit\u00e9s d\u2019organiser un dialogue \u00ab\u00a0franc\u00a0\u00bb et \u00abinclusif\u00bb ne laissant aucun protagoniste en rade. Ould Diaye reprenait pour ainsi dire l\u2019appel au dialogue \u00ab\u00a0constructif\u00a0\u00bb lanc\u00e9 par le pr\u00e9sident Ghazouani au lendemain de son \u00e9lection \u00e0 la pr\u00e9sidence de la R\u00e9publique.<\/p>\n<p>Pour les autorit\u00e9s l\u2019objectif, au sortir de l\u2019\u00e9lection pr\u00e9sidentielle gagn\u00e9e au premier tour par le pr\u00e9sident Ghazouani avec plus de 56% des suffrages exprim\u00e9s mais que certains leaders de l\u2019opposition ont contest\u00e9e, est de \u00ab repenser le syst\u00e8me de gouvernance et le mod\u00e8le d\u00e9mocratique du pays\u00bb pour asseoir une plus grande participation \u00e0 la gestion des affaires publiques.<\/p>\n<p>Or, le gouvernement caresse des r\u00e9formes substantielles dont le code \u00e9lectoral pour affiner le syst\u00e8me politique et le cr\u00e9dibiliser afin de g\u00e9n\u00e9rer un \u00absyst\u00e8me qui garantit, dans la souplesse et la transparence, l\u2019alternance pacifique au pouvoir comme la voie la meilleure vers la construction de la nation\u00a0\u00bb martelait, lors de sa d\u00e9claration de politique g\u00e9n\u00e9rale, le premier Ministre, nomm\u00e9 au lendemain de l\u2019\u00e9lection pr\u00e9sidentielle, Mokhtar Ould Diaye.<\/p>\n<p>Le pr\u00e9sident Ghazouani n\u2019a pas m\u00e9nag\u00e9 son temps pour recevoir en apart\u00e9 et en groupe les leaders politiques, Majorit\u00e9 et Opposition. M\u00eame si tous les partis politiques ne sont plus log\u00e9s \u00e0 la m\u00eame enseigne sur le plan de la repr\u00e9sentativit\u00e9 politique, \u00e0 en juger par les derni\u00e8res \u00e9lections g\u00e9n\u00e9rales, le pr\u00e9sident Ghazaouani a ratiss\u00e9 large, dans ses rencontres en t\u00eate-\u00e0-t\u00eate pour donner plus de chance et de garantie \u00e0 l\u2019\u00e9closion de ce dialogue attendu.<\/p>\n<p>En acceptant l\u2019offre de dialogue, m\u00eame si elle ne fait pas preuve de beaucoup d\u2019homog\u00e9n\u00e9it\u00e9 et d\u2019osmose, l\u2019opposition a tout de m\u00eame mis en garde contre les remakes des exp\u00e9riences pr\u00e9c\u00e9dentes et exiger des garanties de \u00ab\u00a0s\u00e9rieux\u00a0\u00bb des engagements de \u00ab\u00a0participation\u00a0\u00bb et de \u00ab\u00a0transparence\u00a0\u00bb.<\/p>\n<p>Pour \u00ab faire la part des choses \u00bb, m\u00eame si aucun tabou ne serait pos\u00e9 lors de ces rencontres pr\u00e9liminaires entre le microcosme politique, le pr\u00e9sident Ghazouani a choisi un \u00abrenard \u00bb politique et un ancien opposant inv\u00e9t\u00e9r\u00e9, Moussa Fall, PCA de l\u2019APIM, pour coordonner les rencontres en vue du futur dialogue. Sans \u00eatre une figure de proue du parti Insaf, Moussa Fall h\u00e9rite d\u2019une mission qui le relance personnellement sur un \u00e9chiquier politique dont il fut un protagoniste actif.<\/p>\n<p>JD<\/p>\n","protected":false},"excerpt":{"rendered":"<p>Annonc\u00e9 r\u00e9cemment par le premier Ministre, Ould Diaye, le dialogue commence \u00e0 prendre forme \u00e0 l\u2019occasion des audiences du pr\u00e9sident Ghazouani avec des leaders politiques de tous bords y compris l\u2019opposition radicale. Si l\u2019objectif central est de parvenir \u00e0 un apaisement politique total, le contour de ce dialogue, le chemin pour y parvenir et les &hellip;<\/p>\n","protected":false},"author":2,"featured_media":14521,"comment_status":"open","ping_status":"open","sticky":false,"template":"","format":"standard","meta":{"footnotes":""},"categories":[18,31],"tags":[],"class_list":["post-14520","post","type-post","status-publish","format-standard","has-post-thumbnail","hentry","category-actualites","category-politique-et-reportages"],"_links":{"self":[{"href":"https:\/\/ladepeche.mr\/index.php?rest_route=\/wp\/v2\/posts\/14520","targetHints":{"allow":["GET"]}}],"collection":[{"href":"https:\/\/ladepeche.mr\/index.php?rest_route=\/wp\/v2\/posts"}],"about":[{"href":"https:\/\/ladepeche.mr\/index.php?rest_route=\/wp\/v2\/types\/post"}],"author":[{"embeddable":true,"href":"https:\/\/ladepeche.mr\/index.php?rest_route=\/wp\/v2\/users\/2"}],"replies":[{"embeddable":true,"href":"https:\/\/ladepeche.mr\/index.php?rest_route=%2Fwp%2Fv2%2Fcomments&post=14520"}],"version-history":[{"count":3,"href":"https:\/\/ladepeche.mr\/index.php?rest_route=\/wp\/v2\/posts\/14520\/revisions"}],"predecessor-version":[{"id":14524,"href":"https:\/\/ladepeche.mr\/index.php?rest_route=\/wp\/v2\/posts\/14520\/revisions\/14524"}],"wp:featuredmedia":[{"embeddable":true,"href":"https:\/\/ladepeche.mr\/index.php?rest_route=\/wp\/v2\/media\/14521"}],"wp:attachment":[{"href":"https:\/\/ladepeche.mr\/index.php?rest_route=%2Fwp%2Fv2%2Fmedia&parent=14520"}],"wp:term":[{"taxonomy":"category","embeddable":true,"href":"https:\/\/ladepeche.mr\/index.php?rest_route=%2Fwp%2Fv2%2Fcategories&post=14520"},{"taxonomy":"post_tag","embeddable":true,"href":"https:\/\/ladepeche.mr\/index.php?rest_route=%2Fwp%2Fv2%2Ftags&post=14520"}],"curies":[{"name":"wp","href":"https:\/\/api.w.org\/{rel}","templated":true}]}}