{"id":14525,"date":"2025-03-10T13:01:47","date_gmt":"2025-03-10T13:01:47","guid":{"rendered":"https:\/\/ladepeche.mr\/?p=14525"},"modified":"2025-03-10T13:01:47","modified_gmt":"2025-03-10T13:01:47","slug":"terrorisme-en-2025-le-mali-4%e1%b5%89-pays-le-plus-touche-au-monde-selon-le-global-terrorism-index","status":"publish","type":"post","link":"https:\/\/ladepeche.mr\/?p=14525","title":{"rendered":"Terrorisme en 2025 : Le Mali, 4\u1d49 pays le plus touch\u00e9 au monde selon le Global Terrorism Index"},"content":{"rendered":"<p class=\"article-sub-heading\">L&#8217;Institute for Economics and Peace (IEP) a publi\u00e9, le 5 mars dernier, le Global Terrorism Index (GTI) 2025, qui analyse l\u2019impact du terrorisme dans le monde pour l\u2019ann\u00e9e 2024. Ce rapport r\u00e9v\u00e8le que le Mali est d\u00e9sormais le quatri\u00e8me pays le plus touch\u00e9 par le terrorisme, derri\u00e8re le Burkina Faso, le Pakistan et la Syrie, et devant le Niger, le Nigeria et la Somalie.<\/p>\n<div class=\"mail-message-header spacer\">L\u2019\u00e9tude, qui mesure l\u2019impact du terrorisme \u00e0 travers des indicateurs tels que le nombre d\u2019attaques, de morts, de bless\u00e9s et de destructions mat\u00e9rielles, confirme que le Sahel central est aujourd\u2019hui l\u2019\u00e9picentre mondial du terrorisme.<\/div>\n<div class=\"mail-message-content collapsible zoom-normal mail-show-images \">\n<div class=\"clear\">\n<div>\n<p data-t=\"{&quot;n&quot;:&quot;blueLinks&quot;}\">Avec un score de 7,907, le Mali a enregistr\u00e9 une recrudescence des attaques en 2024. Selon le rapport, plus de 1 000 \u00e0 1 200 personnes ont \u00e9t\u00e9 tu\u00e9es au cours de l\u2019ann\u00e9e, principalement dans les r\u00e9gions de Mopti, Gao, Tombouctou, S\u00e9gou et M\u00e9naka, o\u00f9 les groupes arm\u00e9s terroristes ont multipli\u00e9 les offensives. Le rapport souligne que l\u2019\u00c9tat Islamique dans le Grand Sahara (EIGS) a particuli\u00e8rement consolid\u00e9 son emprise, occupant certaines localit\u00e9s strat\u00e9giques comme Tiderm\u00e8ne en avril 2023. Le Jama&#8217;at Nasr al-Islam wal-Muslimin (JNIM) ou GSIM, affili\u00e9 \u00e0 Al-Qa\u00efda, continue \u00e9galement de mener des attaques coordonn\u00e9es, notamment dans les r\u00e9gions de Mopti et de Gao, ciblant aussi bien les populations civiles que les forces arm\u00e9es maliennes. Les affrontements entre les groupes terroristes et l&#8217;arm\u00e9e, ainsi que les attaques contre les populations civiles, ont aggrav\u00e9 la situation humanitaire, entra\u00eenant des d\u00e9placements massifs de populations.<\/p>\n<p class=\"continue-read-break\" data-t=\"{&quot;n&quot;:&quot;blueLinks&quot;}\">Le Burkina Faso, avec un score de 8,581, est le pays le plus touch\u00e9 par le terrorisme dans le monde en 2024. Le rapport indique que le pays a subi plus de 1 500 d\u00e9c\u00e8s li\u00e9s au terrorisme, principalement caus\u00e9s par le GSIM et l\u2019EIGS, qui contr\u00f4lent d\u00e9sormais de vastes portions du territoire. Des attaques de grande ampleur, comme celles de Seytenga qui avait fait plus de 100 morts, se sont poursuivies en 2024, touchant particuli\u00e8rement les r\u00e9gions du Sahel, du Nord et de l\u2019Est. L&#8217;arm\u00e9e burkinab\u00e8, malgr\u00e9 des offensives contre les groupes arm\u00e9s, peine \u00e0 stabiliser la situation.<\/p>\n<p data-t=\"{&quot;n&quot;:&quot;blueLinks&quot;}\">Le Niger, avec un score de 7,776, occupe la cinqui\u00e8me place mondiale. Le pays a enregistr\u00e9 environ 900 \u00e0 1 000 morts en 2024, particuli\u00e8rement dans les r\u00e9gions de Tillab\u00e9ri et Diffa, o\u00f9 s\u00e9vissent respectivement l\u2019EIGS et Boko Haram. L&#8217;une des attaques les plus marquantes a eu lieu le 21 mars 2024, lorsqu\u2019une embuscade contre un convoi militaire dans la r\u00e9gion de Tillab\u00e9ri a caus\u00e9 la mort de 23 soldats nig\u00e9riens. Malgr\u00e9 des efforts militaires et des coop\u00e9rations r\u00e9gionales, la menace djihadiste demeure forte dans le pays.<\/p>\n<p data-t=\"{&quot;n&quot;:&quot;blueLinks&quot;}\">Le rapport r\u00e9v\u00e8le aussi les tendances mondiales du terrorisme. Le Pakistan, qui a enregistr\u00e9 une augmentation de 45 % des d\u00e9c\u00e8s li\u00e9s au terrorisme, devient le deuxi\u00e8me pays le plus touch\u00e9, avec un score de 8,374. La Syrie, toujours en proie \u00e0 une guerre civile prolong\u00e9e, occupe la troisi\u00e8me place, avec un score de 8,006. Le Nigeria, qui fait face aux violences de Boko Haram et de l&#8217;\u00c9tat Islamique en Afrique de l\u2019Ouest, est class\u00e9 sixi\u00e8me, avec 565 d\u00e9c\u00e8s terroristes recens\u00e9s en 2024.<\/p>\n<p data-t=\"{&quot;n&quot;:&quot;blueLinks&quot;}\">Par rapport au classement de 2023, on observe une aggravation de la situation au Sahel. Le Burkina Faso, qui \u00e9tait deuxi\u00e8me en 2023, est d\u00e9sormais le pays le plus touch\u00e9. Le Mali a progress\u00e9 du sixi\u00e8me au quatri\u00e8me rang, enregistrant une augmentation du nombre d\u2019attaques et de victimes. Le Niger, qui \u00e9tait septi\u00e8me, est d\u00e9sormais cinqui\u00e8me, confirmant l\u2019intensification de l\u2019ins\u00e9curit\u00e9 dans la r\u00e9gion. En revanche, l&#8217;Afghanistan, qui \u00e9tait historiquement l\u2019un des pays les plus touch\u00e9s, a vu une diminution de l\u2019impact du terrorisme, notamment apr\u00e8s le retrait des forces \u00e9trang\u00e8res et la consolidation du pouvoir des Talibans.<\/p>\n<div class=\"intra-article-module\" data-t=\"{&quot;n&quot;:&quot;intraArticle&quot;,&quot;t&quot;:13}\">\n<div class=\"articlePageIntraArticleFullWidth ad-slot-placeholder left-image-intra-ad collapsed\" data-ad-index=\"2\">\n<div class=\"intra-article-ad-full left-image-intra-ad\"><\/div>\n<\/div>\n<\/div>\n<p data-t=\"{&quot;n&quot;:&quot;blueLinks&quot;}\">L\u2019\u00e9dition 2025 du Global Terrorism Index met en \u00e9vidence l\u2019ancrage durable du terrorisme au Sahel central, qui repr\u00e9sente d\u00e9sormais plus de 50 % des morts li\u00e9s au terrorisme dans le monde. La mont\u00e9e en puissance de l\u2019EIGS et du JNIM, la faiblesse des \u00c9tats face \u00e0 ces menaces malgr\u00e9 les efforts consentis et la prolif\u00e9ration des conflits intercommunautaires exacerbent la crise. Le rapport insiste sur l\u2019urgence d\u2019une r\u00e9ponse coordon\u00e9e au niveau r\u00e9gional, associant une approche militaire et une politique de stabilisation \u00e9conomique pour contrer cette dynamique destructrice.<\/p>\n<p data-t=\"{&quot;n&quot;:&quot;blueLinks&quot;}\"><a href=\"https:\/\/www.msn.com\/fr-xl\/actualite\/other\/terrorisme-en-2025-le-mali-4%E1%B5%89-pays-le-plus-touch%C3%A9-au-monde-selon-le-global-terrorism-index\/ar-AA1AAJNe?ocid=msedgdhp&amp;pc=U531&amp;cvid=080327fc2c2a4d4697e925643a00e5db&amp;ei=22\">Terrorisme en 2025 : Le Mali, 4\u1d49 pays le plus touch\u00e9 au monde selon le Global Terrorism Index<\/a><\/p>\n<\/div>\n<\/div>\n<\/div>\n","protected":false},"excerpt":{"rendered":"<p>L&#8217;Institute for Economics and Peace (IEP) a publi\u00e9, le 5 mars dernier, le Global Terrorism Index (GTI) 2025, qui analyse l\u2019impact du terrorisme dans le monde pour l\u2019ann\u00e9e 2024. Ce rapport r\u00e9v\u00e8le que le Mali est d\u00e9sormais le quatri\u00e8me pays le plus touch\u00e9 par le terrorisme, derri\u00e8re le Burkina Faso, le Pakistan et la Syrie, &hellip;<\/p>\n","protected":false},"author":2,"featured_media":10329,"comment_status":"open","ping_status":"open","sticky":false,"template":"","format":"standard","meta":{"footnotes":""},"categories":[18,29],"tags":[],"class_list":["post-14525","post","type-post","status-publish","format-standard","has-post-thumbnail","hentry","category-actualites","category-monde"],"_links":{"self":[{"href":"https:\/\/ladepeche.mr\/index.php?rest_route=\/wp\/v2\/posts\/14525","targetHints":{"allow":["GET"]}}],"collection":[{"href":"https:\/\/ladepeche.mr\/index.php?rest_route=\/wp\/v2\/posts"}],"about":[{"href":"https:\/\/ladepeche.mr\/index.php?rest_route=\/wp\/v2\/types\/post"}],"author":[{"embeddable":true,"href":"https:\/\/ladepeche.mr\/index.php?rest_route=\/wp\/v2\/users\/2"}],"replies":[{"embeddable":true,"href":"https:\/\/ladepeche.mr\/index.php?rest_route=%2Fwp%2Fv2%2Fcomments&post=14525"}],"version-history":[{"count":1,"href":"https:\/\/ladepeche.mr\/index.php?rest_route=\/wp\/v2\/posts\/14525\/revisions"}],"predecessor-version":[{"id":14526,"href":"https:\/\/ladepeche.mr\/index.php?rest_route=\/wp\/v2\/posts\/14525\/revisions\/14526"}],"wp:featuredmedia":[{"embeddable":true,"href":"https:\/\/ladepeche.mr\/index.php?rest_route=\/wp\/v2\/media\/10329"}],"wp:attachment":[{"href":"https:\/\/ladepeche.mr\/index.php?rest_route=%2Fwp%2Fv2%2Fmedia&parent=14525"}],"wp:term":[{"taxonomy":"category","embeddable":true,"href":"https:\/\/ladepeche.mr\/index.php?rest_route=%2Fwp%2Fv2%2Fcategories&post=14525"},{"taxonomy":"post_tag","embeddable":true,"href":"https:\/\/ladepeche.mr\/index.php?rest_route=%2Fwp%2Fv2%2Ftags&post=14525"}],"curies":[{"name":"wp","href":"https:\/\/api.w.org\/{rel}","templated":true}]}}