{"id":14527,"date":"2025-03-11T13:12:33","date_gmt":"2025-03-11T13:12:33","guid":{"rendered":"https:\/\/ladepeche.mr\/?p=14527"},"modified":"2025-03-11T13:12:33","modified_gmt":"2025-03-11T13:12:33","slug":"israel-gantz-sen-prend-a-netanyahou-sur-les-otages","status":"publish","type":"post","link":"https:\/\/ladepeche.mr\/?p=14527","title":{"rendered":"Isra\u00ebl : Gantz s\u2019en prend \u00e0 Netanyahou sur les otages"},"content":{"rendered":"<p>Il pris \u00e0 partie Benjamin Netanyahou, estimant qu&#8217;\u00a0\u00bbIl n\u2019y a pas d\u2019autre fa\u00e7on d\u2019expliquer la r\u00e9alit\u00e9 dans laquelle nous ne combattons pas et ne ramenons pas les prisonniers, sauf le fait que la politique passe avant les int\u00e9r\u00eats de s\u00e9curit\u00e9 et nationaux\u00a0\u00bb. \u00ab\u00a0Au lieu de donner la priorit\u00e9 aux otages, Netanyahou donne la priorit\u00e9 \u00e0 la coalition et attend le budget de mars. Et nous en payons tous le prix, avec l\u2019int\u00e9r\u00eat\u00a0\u00bb, a-t-il poursuivi.<\/p>\n<p>\u00ab\u00a0Le gouvernement isra\u00e9lien est responsable du retour des otages\u00a0\u00bb, a-t-il martel\u00e9. \u00ab\u00a0Il est inconcevable que l\u2019envoy\u00e9 am\u00e9ricain Boehler raconte qu\u2019il a \u00e9t\u00e9 mandat\u00e9 par le gouvernement pour retourner chaque pierre au point de rencontrer directement les hauts dirigeants de Hamas, et les responsables isra\u00e9liens d\u00e9battent de l\u2019opportunit\u00e9 d\u2019envoyer une d\u00e9l\u00e9gation et de l\u2019ampleur du mandat \u00e0 lui donner\u00a0\u00bb.<\/p>\n<p><a href=\"https:\/\/www.msn.com\/fr-xl\/afrique-du-nord\/actualite\/isra%C3%ABl-gantz-s-en-prend-%C3%A0-netanyahou-sur-les-otages\/ar-AA1AFRYg?ocid=msedgntp&amp;pc=U531&amp;cvid=da786b7303d94a1b986a4789c751ad14&amp;ei=31\">Isra\u00ebl : Gantz s\u2019en prend \u00e0 Netanyahou sur les otages<\/a><\/p>\n","protected":false},"excerpt":{"rendered":"<p>Il pris \u00e0 partie Benjamin Netanyahou, estimant qu&#8217;\u00a0\u00bbIl n\u2019y a pas d\u2019autre fa\u00e7on d\u2019expliquer la r\u00e9alit\u00e9 dans laquelle nous ne combattons pas et ne ramenons pas les prisonniers, sauf le fait que la politique passe avant les int\u00e9r\u00eats de s\u00e9curit\u00e9 et nationaux\u00a0\u00bb. \u00ab\u00a0Au lieu de donner la priorit\u00e9 aux otages, Netanyahou donne la priorit\u00e9 \u00e0 &hellip;<\/p>\n","protected":false},"author":2,"featured_media":12385,"comment_status":"open","ping_status":"open","sticky":false,"template":"","format":"standard","meta":{"footnotes":""},"categories":[18,29],"tags":[],"class_list":["post-14527","post","type-post","status-publish","format-standard","has-post-thumbnail","hentry","category-actualites","category-monde"],"_links":{"self":[{"href":"https:\/\/ladepeche.mr\/index.php?rest_route=\/wp\/v2\/posts\/14527","targetHints":{"allow":["GET"]}}],"collection":[{"href":"https:\/\/ladepeche.mr\/index.php?rest_route=\/wp\/v2\/posts"}],"about":[{"href":"https:\/\/ladepeche.mr\/index.php?rest_route=\/wp\/v2\/types\/post"}],"author":[{"embeddable":true,"href":"https:\/\/ladepeche.mr\/index.php?rest_route=\/wp\/v2\/users\/2"}],"replies":[{"embeddable":true,"href":"https:\/\/ladepeche.mr\/index.php?rest_route=%2Fwp%2Fv2%2Fcomments&post=14527"}],"version-history":[{"count":1,"href":"https:\/\/ladepeche.mr\/index.php?rest_route=\/wp\/v2\/posts\/14527\/revisions"}],"predecessor-version":[{"id":14528,"href":"https:\/\/ladepeche.mr\/index.php?rest_route=\/wp\/v2\/posts\/14527\/revisions\/14528"}],"wp:featuredmedia":[{"embeddable":true,"href":"https:\/\/ladepeche.mr\/index.php?rest_route=\/wp\/v2\/media\/12385"}],"wp:attachment":[{"href":"https:\/\/ladepeche.mr\/index.php?rest_route=%2Fwp%2Fv2%2Fmedia&parent=14527"}],"wp:term":[{"taxonomy":"category","embeddable":true,"href":"https:\/\/ladepeche.mr\/index.php?rest_route=%2Fwp%2Fv2%2Fcategories&post=14527"},{"taxonomy":"post_tag","embeddable":true,"href":"https:\/\/ladepeche.mr\/index.php?rest_route=%2Fwp%2Fv2%2Ftags&post=14527"}],"curies":[{"name":"wp","href":"https:\/\/api.w.org\/{rel}","templated":true}]}}