{"id":14535,"date":"2025-03-12T13:48:15","date_gmt":"2025-03-12T13:48:15","guid":{"rendered":"https:\/\/ladepeche.mr\/?p=14535"},"modified":"2025-03-12T13:48:15","modified_gmt":"2025-03-12T13:48:15","slug":"lotan-tient-en-point-de-mire-les-mouvements-russes-pres-de-la-mauritanie","status":"publish","type":"post","link":"https:\/\/ladepeche.mr\/?p=14535","title":{"rendered":"L\u2019OTAN tient en point de mire les mouvements russes pr\u00e8s de la Mauritanie"},"content":{"rendered":"<p>L\u2019Alliance atlantique renforce son int\u00e9r\u00eat pour la Mauritanie, car la pr\u00e9sence russe au Sahel constitue une menace pour le flanc sud \u00e0 proximit\u00e9 des \u00eeles<\/p>\n<p>Le pr\u00e9sident du gouvernement des \u00eeles Canaries, Fernando Clavijo, est le second chef de gouvernement r\u00e9gional \u00e0 se rendre en Mauritanie depuis 2014, territoire d\u2019o\u00f9 part une grande partie de l\u2019immigration irr\u00e9guli\u00e8re arrivant sur les \u00eeles en provenance du Sahel et, surtout, du Mali. Clavijo a d\u00e9fendu dans la capitale mauritanienne, Nouakchott, que l\u2019Europe \u00ab doit faire plus \u00bb pour pr\u00eater attention aux migrations en provenance des pays de la zone du Sahel en freinant le d\u00e9part des pirogues vers les \u00eeles. Le d\u00e9part des \u00ab\u00a0cayucos\u00a0\u00bb vers les Canaries s\u2019inscrit dans le sc\u00e9nario d\u2019une r\u00e9gion dans laquelle la Russie, apr\u00e8s l\u2019invasion de l\u2019Ukraine, a accru son poids au point que le Mali et le Burkina Faso lui ont sous-trait\u00e9 une partie de leur d\u00e9fense tout en expulsant les forces occidentales pr\u00e9sentes.<\/p>\n<p>En 2023, le chef de la diplomatie russe, Sergue\u00ef Lavrov, s\u2019est rendu en Mauritanie car il manque \u00e0 Moscou une jambe pour mener \u00e0 bien son agenda : aller vers l\u2019Atlantique (\u2026).<\/p>\n<p>Pendant ce temps, la Mauritanie continue d\u2019accueillir des immigrants du Mali qui, \u00e0 leur tour, font pression sur ses services de s\u00e9curit\u00e9 publique, g\u00e9n\u00e9rant des troubles sociaux dans les rues. Le pr\u00e9sident des Canaries a pu v\u00e9rifier sur le sol mauritanien ce que le gouvernement de ce pays d\u00e9nonce ouvertement depuis 2024 : il a 150 000 migrants en libert\u00e9 dans les rues voulant monter \u00e0 bord de pirogues et rejoindre l\u2019Europe via les \u00eeles Canaries, en plus des 183 000 r\u00e9fugi\u00e9s qu\u2019il a dans le sud du pays en provenance du Mali. Au total, 46 843 migrants sont entr\u00e9s ill\u00e9galement en Espagne par les \u00eeles Canaries en 2024, d\u00e9passant le record de 2023, en raison de la forte augmentation des arriv\u00e9es depuis octobre, selon les donn\u00e9es du minist\u00e8re de l\u2019int\u00e9rieur.<\/p>\n<p>La chef du programme de d\u00e9veloppement des capacit\u00e9s de d\u00e9fense de l\u2019OTAN pour la Mauritanie, Fr\u00e9d\u00e9rique Jacquemin, affirme qu\u2019il est du devoir de l\u2019Alliance de \u00ab pr\u00e9server la stabilit\u00e9 en Mauritanie \u00e0 tout prix \u00bb car \u00ab elle est le seul pays partenaire de l\u2019OTAN dans la vaste r\u00e9gion du Sahel\u00bb et ajoute que Nouakchott \u00ab acquiert une compr\u00e9hension plus profonde de tous les d\u00e9fis de s\u00e9curit\u00e9 auxquels la r\u00e9gion du Sahel est confront\u00e9e \u00bb. En janvier dernier, l\u2019UE a livr\u00e9 90 millions d\u2019euros de mat\u00e9riel de surveillance et de contr\u00f4le des fronti\u00e8res \u00e0 la Mauritanie, dans le cadre de l\u2019enveloppe de 281 millions d\u2019euros propos\u00e9e en f\u00e9vrier 2024 par la Commission europ\u00e9enne (CE) et qui comprend des investissements dans la cr\u00e9ation intensive d\u2019emplois qualifi\u00e9s avec des projets \u00e9nerg\u00e9tiques.<\/p>\n<p>La Mauritanie est un pays partenaire de l\u2019OTAN depuis 1995, mais c\u2019est apr\u00e8s la crise ukrainienne que l\u2019Occident a s\u00e9rieusement commenc\u00e9 \u00e0 travailler sur un agenda avec ce pays, \u00e9tant donn\u00e9 que jusqu\u2019\u00e0 pr\u00e9sent, la coop\u00e9ration qu\u2019il a re\u00e7ue est celle de l\u2019Espagne. En janvier 2025, une d\u00e9l\u00e9gation de l\u2019Alliance atlantique a discut\u00e9 avec des responsables mauritaniens de la possibilit\u00e9 d\u2019am\u00e9liorer la coop\u00e9ration militaire et s\u00e9curitaire. La ministre de la D\u00e9fense, Hanena Ould Sidi, a rencontr\u00e9 la d\u00e9l\u00e9gation de l\u2019Alliance conduite par le repr\u00e9sentant sp\u00e9cial pour le voisinage m\u00e9ridional, l\u2019Espagnol Javier Colomina. A l\u2019issue de la r\u00e9union, aucun d\u00e9tail n\u2019avait filtr\u00e9, mais c\u2019\u00e9tait quelques jours apr\u00e8s la rencontre du ministre mauritanien de la D\u00e9fense avec le d\u00e9l\u00e9gu\u00e9 g\u00e9n\u00e9ral en charge de l\u2019armement au minist\u00e8re des Arm\u00e9es fran\u00e7aises, Emmanuel Chiva, pour renforcer les plans de surveillance dans la zone.<\/p>\n<p>&nbsp;<\/p>\n<p>Cet agenda intense de l\u2019Alliance atlantique en Mauritanie a \u00e9t\u00e9 vu en d\u00e9cembre dernier lorsque des experts de l\u2019OTAN dans le domaine du d\u00e9veloppement des capacit\u00e9s de d\u00e9fense (DCB) se sont rendus \u00e0 Nouakchott pour soutenir la mise en \u0153uvre des initiatives cl\u00e9s du paquet DCB de la Mauritanie, notamment en soutien aux forces d\u2019op\u00e9rations sp\u00e9ciales (SOF), \u00e0 la s\u00e9curit\u00e9 maritime, au renseignement, \u00e0 la la transition des carri\u00e8res militaires, l\u2019\u00e9ducation militaire et la r\u00e9solution des d\u00e9fis li\u00e9s aux armes l\u00e9g\u00e8res et de petit calibre.<\/p>\n<p>Au cours de ce programme, l\u2019OTAN a livr\u00e9 des \u00e9quipements de forces d\u2019op\u00e9rations sp\u00e9ciales, tels que des \u00e9quipements de protection balistique, des \u00e9quipements de communication et des \u00e9quipements m\u00e9dicaux, afin de contribuer \u00e0 renforcer les capacit\u00e9s de d\u00e9fense et de s\u00e9curit\u00e9 de la Mauritanie en pr\u00e9sence du commandant des forces d\u2019op\u00e9rations sp\u00e9ciales et chef d\u2019\u00e9tat-major g\u00e9n\u00e9ral de l\u2019arm\u00e9e de terre, le g\u00e9n\u00e9ral El Mokhtar Menny, ainsi que du secr\u00e9taire g\u00e9n\u00e9ral du minist\u00e8re de la D\u00e9fense, Sa\u00efdou Dia.<\/p>\n<p>\u00c0 la suite de ces visites, il est apparu que la Mauritanie avait suspendu l\u2019achat d\u2019un certain nombre de navires militaires qu\u2019elle avait confi\u00e9s \u00e0 la principale entreprise d\u2019armement chinoise, Poly Technologies, en raison des sanctions impos\u00e9es par les \u00c9tats-Unis \u00e0 son encontre. En d\u2019autres termes, le respect des engagements de la Mauritanie d\u2019exercer une surveillance accrue dans ses eaux pour des situations telles que l\u2019arriv\u00e9e de bateaux irr\u00e9guliers aux \u00eeles Canaries serait retard\u00e9. \u00c0 l\u2019int\u00e9rieur du pays, pendant ce temps, le contr\u00f4le est un peu plus rigoureux. Avant la guerre en Ukraine, l\u2019OTAN, avec le soutien de la France et du Canada, a cr\u00e9\u00e9 quatre centres r\u00e9gionaux de coordination op\u00e9rationnelle situ\u00e9s \u00e0 Nouakchott, Nouadhibou, Rosso et N\u00e9ma, fait don d\u2019\u00e9quipements portables pour la coordination mobile des crises afin de suivre les incidents et de partager les informations recueillies au niveau national et dans d\u2019autres r\u00e9gions touch\u00e9es par des probl\u00e8mes de s\u00e9curit\u00e9. Ces centres effectuent la surveillance op\u00e9rationnelle, l\u2019alerte pr\u00e9coce, la collecte et l\u2019analyse d\u2019informations provenant de sources diverses \u00e0 l\u2019aide de technologies modernes et de simulations.<\/p>\n<p>J.L. Jimenez<\/p>\n<p>Traduction et publication avec l\u2019autorisation de l\u2019auteur<\/p>\n<p><a href=\"https:\/\/www.vozpopuli.com\/canarias\/mauritania-clavo-ardiendo-otan-a-pocos-kilometros-canarias.html\">https:\/\/www.vozpopuli.com\/canarias\/mauritania-clavo-ardiendo-otan-a-pocos-kilometros-canarias.html<\/a><\/p>\n","protected":false},"excerpt":{"rendered":"<p>L\u2019Alliance atlantique renforce son int\u00e9r\u00eat pour la Mauritanie, car la pr\u00e9sence russe au Sahel constitue une menace pour le flanc sud \u00e0 proximit\u00e9 des \u00eeles Le pr\u00e9sident du gouvernement des \u00eeles Canaries, Fernando Clavijo, est le second chef de gouvernement r\u00e9gional \u00e0 se rendre en Mauritanie depuis 2014, territoire d\u2019o\u00f9 part une grande partie de &hellip;<\/p>\n","protected":false},"author":2,"featured_media":14536,"comment_status":"open","ping_status":"open","sticky":false,"template":"","format":"standard","meta":{"footnotes":""},"categories":[18,29],"tags":[],"class_list":["post-14535","post","type-post","status-publish","format-standard","has-post-thumbnail","hentry","category-actualites","category-monde"],"_links":{"self":[{"href":"https:\/\/ladepeche.mr\/index.php?rest_route=\/wp\/v2\/posts\/14535","targetHints":{"allow":["GET"]}}],"collection":[{"href":"https:\/\/ladepeche.mr\/index.php?rest_route=\/wp\/v2\/posts"}],"about":[{"href":"https:\/\/ladepeche.mr\/index.php?rest_route=\/wp\/v2\/types\/post"}],"author":[{"embeddable":true,"href":"https:\/\/ladepeche.mr\/index.php?rest_route=\/wp\/v2\/users\/2"}],"replies":[{"embeddable":true,"href":"https:\/\/ladepeche.mr\/index.php?rest_route=%2Fwp%2Fv2%2Fcomments&post=14535"}],"version-history":[{"count":1,"href":"https:\/\/ladepeche.mr\/index.php?rest_route=\/wp\/v2\/posts\/14535\/revisions"}],"predecessor-version":[{"id":14537,"href":"https:\/\/ladepeche.mr\/index.php?rest_route=\/wp\/v2\/posts\/14535\/revisions\/14537"}],"wp:featuredmedia":[{"embeddable":true,"href":"https:\/\/ladepeche.mr\/index.php?rest_route=\/wp\/v2\/media\/14536"}],"wp:attachment":[{"href":"https:\/\/ladepeche.mr\/index.php?rest_route=%2Fwp%2Fv2%2Fmedia&parent=14535"}],"wp:term":[{"taxonomy":"category","embeddable":true,"href":"https:\/\/ladepeche.mr\/index.php?rest_route=%2Fwp%2Fv2%2Fcategories&post=14535"},{"taxonomy":"post_tag","embeddable":true,"href":"https:\/\/ladepeche.mr\/index.php?rest_route=%2Fwp%2Fv2%2Ftags&post=14535"}],"curies":[{"name":"wp","href":"https:\/\/api.w.org\/{rel}","templated":true}]}}