{"id":14554,"date":"2025-03-13T13:08:41","date_gmt":"2025-03-13T13:08:41","guid":{"rendered":"https:\/\/ladepeche.mr\/?p=14554"},"modified":"2025-03-13T13:08:41","modified_gmt":"2025-03-13T13:08:41","slug":"rdc-tshisekedi-accepte-de-negocier-avec-le-m23-en-angola","status":"publish","type":"post","link":"https:\/\/ladepeche.mr\/?p=14554","title":{"rendered":"RDC : Tshisekedi accepte de n\u00e9gocier avec le M23 en Angola"},"content":{"rendered":"<p data-t=\"{&quot;n&quot;:&quot;blueLinks&quot;}\"><strong>Le gouvernement congolais et le groupe rebelle M23 se rencontreront pour des n\u00e9gociations directes le 18 mars \u00e0 Luanda, en Angola.<\/strong><\/p>\n<p>\u00c0 la suite de la visite du pr\u00e9sident F\u00e9lix Tshisekedi en Angola, Kinshasa a accept\u00e9 d\u2019entamer des n\u00e9gociations directes avec les rebelles du M23, soutenus par le Rwanda, \u00e0 Luanda le 18 mars. Cette rencontre, plac\u00e9e sous l\u2019\u00e9gide du pr\u00e9sident angolais Jo\u00e3o Louren\u00e7o, vise \u00e0 apaiser les tensions apr\u00e8s plusieurs tentatives de m\u00e9diation infructueuses.<\/p>\n<p>Jusqu\u2019ici, Kinshasa refusait tout dialogue avec le M23. Ce revirement strat\u00e9gique marque une \u00e9volution majeure dans la recherche d\u2019une solution politique au conflit qui secoue l\u2019est du pays.<\/p>\n<p>Pendant ce temps, au niveau r\u00e9gional, la Communaut\u00e9 de d\u00e9veloppement de l\u2019Afrique australe (SADC) tiendra un sommet extraordinaire par vid\u00e9oconf\u00e9rence le 13 mars. Les chefs d\u2019\u00c9tat et de gouvernement examineront la situation s\u00e9curitaire en RDC et discuteront des mesures \u00e0 adopter pour stabiliser la r\u00e9gion.<\/p>\n<p>Depuis janvier, les affrontements se sont intensifi\u00e9s. Le M23 a pris successivement le contr\u00f4le de Goma, puis de Bukavu, aggravant une crise humanitaire d\u00e9j\u00e0 dramatique. Plus de 7 millions de personnes sont d\u00e9sormais d\u00e9plac\u00e9es, victimes de cette instabilit\u00e9 persistante.<\/p>\n<p>Ces nouvelles n\u00e9gociations ouvriront-elles la voie \u00e0 une paix durable ? R\u00e9ponse le 18 mars.<\/p>\n<p><a href=\"https:\/\/www.msn.com\/fr-xl\/actualite\/other\/rdc-tshisekedi-accepte-de-n%C3%A9gocier-avec-le-m23-en-angola\/ar-AA1AOLjy?ocid=msedgntp&amp;pc=U531&amp;cvid=5a129c80e9864d0ba35a1c80504776ac&amp;ei=118\">RDC : Tshisekedi accepte de n\u00e9gocier avec le M23 en Angola<\/a><\/p>\n<div class=\"article-image-slot image-slot-placeholder\" data-doc-id=\"cms\/api\/amp\/image\/AA1AOIJg\">\n<div class=\"article-image-slot\">\n<div class=\"article-image-container polished\" data-t=\"{&quot;n&quot;:&quot;OpenModal&quot;,&quot;t&quot;:13,&quot;b&quot;:8,&quot;c.i&quot;:&quot;AA1AOLjy&quot;,&quot;c.l&quot;:false,&quot;c.t&quot;:13,&quot;c.v&quot;:&quot;news&quot;,&quot;c.c&quot;:&quot;others&quot;,&quot;c.b&quot;:&quot;Euronews fran\u00e7ais&quot;,&quot;c.bi&quot;:&quot;AA2qy7x&quot;,&quot;c.tv&quot;:&quot;politics&quot;,&quot;c.tc&quot;:&quot;government&quot;,&quot;c.hl&quot;:&quot;RDC : Tshisekedi accepte de n\u00e9gocier avec le M23 en Angola&quot;}\" data-test-id=\"AA1AOIJg\">\n<div class=\"intra-article-module-bottom-slot\" data-t=\"{&quot;n&quot;:&quot;intraArticle&quot;,&quot;t&quot;:13}\">\n<div class=\"intra-article-module-bottom-slot\" data-t=\"{&quot;n&quot;:&quot;intraArticle&quot;,&quot;t&quot;:13}\"><\/div>\n<\/div>\n<\/div>\n<\/div>\n<\/div>\n","protected":false},"excerpt":{"rendered":"<p>Le gouvernement congolais et le groupe rebelle M23 se rencontreront pour des n\u00e9gociations directes le 18 mars \u00e0 Luanda, en Angola. \u00c0 la suite de la visite du pr\u00e9sident F\u00e9lix Tshisekedi en Angola, Kinshasa a accept\u00e9 d\u2019entamer des n\u00e9gociations directes avec les rebelles du M23, soutenus par le Rwanda, \u00e0 Luanda le 18 mars. Cette &hellip;<\/p>\n","protected":false},"author":2,"featured_media":14555,"comment_status":"open","ping_status":"open","sticky":false,"template":"","format":"standard","meta":{"footnotes":""},"categories":[18,29],"tags":[],"class_list":["post-14554","post","type-post","status-publish","format-standard","has-post-thumbnail","hentry","category-actualites","category-monde"],"_links":{"self":[{"href":"https:\/\/ladepeche.mr\/index.php?rest_route=\/wp\/v2\/posts\/14554","targetHints":{"allow":["GET"]}}],"collection":[{"href":"https:\/\/ladepeche.mr\/index.php?rest_route=\/wp\/v2\/posts"}],"about":[{"href":"https:\/\/ladepeche.mr\/index.php?rest_route=\/wp\/v2\/types\/post"}],"author":[{"embeddable":true,"href":"https:\/\/ladepeche.mr\/index.php?rest_route=\/wp\/v2\/users\/2"}],"replies":[{"embeddable":true,"href":"https:\/\/ladepeche.mr\/index.php?rest_route=%2Fwp%2Fv2%2Fcomments&post=14554"}],"version-history":[{"count":1,"href":"https:\/\/ladepeche.mr\/index.php?rest_route=\/wp\/v2\/posts\/14554\/revisions"}],"predecessor-version":[{"id":14556,"href":"https:\/\/ladepeche.mr\/index.php?rest_route=\/wp\/v2\/posts\/14554\/revisions\/14556"}],"wp:featuredmedia":[{"embeddable":true,"href":"https:\/\/ladepeche.mr\/index.php?rest_route=\/wp\/v2\/media\/14555"}],"wp:attachment":[{"href":"https:\/\/ladepeche.mr\/index.php?rest_route=%2Fwp%2Fv2%2Fmedia&parent=14554"}],"wp:term":[{"taxonomy":"category","embeddable":true,"href":"https:\/\/ladepeche.mr\/index.php?rest_route=%2Fwp%2Fv2%2Fcategories&post=14554"},{"taxonomy":"post_tag","embeddable":true,"href":"https:\/\/ladepeche.mr\/index.php?rest_route=%2Fwp%2Fv2%2Ftags&post=14554"}],"curies":[{"name":"wp","href":"https:\/\/api.w.org\/{rel}","templated":true}]}}