{"id":1456,"date":"2022-08-15T18:01:33","date_gmt":"2022-08-15T18:01:33","guid":{"rendered":"https:\/\/ladepeche.mr\/?p=1456"},"modified":"2022-08-15T18:01:33","modified_gmt":"2022-08-15T18:01:33","slug":"circulation-routiere-12500-cartes-grises-numerisees-pour-les-automobilistes","status":"publish","type":"post","link":"https:\/\/ladepeche.mr\/?p=1456","title":{"rendered":"Circulation routi\u00e8re\u00a0: 12500 cartes grises num\u00e9ris\u00e9es pour les automobilistes"},"content":{"rendered":"<p>12577 cartes grises num\u00e9ris\u00e9es, c\u2019est le total des dossiers trait\u00e9s jusqu\u2019ici par le minist\u00e8re mauritanien de l\u2019\u00e9quipement et des transports et dont il devrait entamer la distribution au profit des automobilistes qui ont d\u00e9pos\u00e9 des dossiers.<\/p>\n<p>Des guichets sont ouverts \u00e0 cette fin \u00e0 la direction des transports relevant dudit d\u00e9partement, pour une premi\u00e8re vague de v\u00e9hicules immatricul\u00e9s entre 2016 et 2017. affirme-t-on.<\/p>\n<p>Pour une plus grande fluidit\u00e9 de l\u2019op\u00e9ration, le minist\u00e8re tient \u00e9galement une liste des automobilistes concern\u00e9s par cette premi\u00e8re op\u00e9ration sur son site officiel.<\/p>\n<p>Cette op\u00e9ration s\u00e9curisation de ces cartes grises par leur num\u00e9risation avait \u00e9t\u00e9 entam\u00e9e depuis 2017. L\u2019op\u00e9ration a notamment pu \u00eatre bien men\u00e9e gr\u00e2ce au concours de l\u2019ANRPTS qui a acquis une bonne exp\u00e9rience de s\u00e9curisation par num\u00e9risation \u00e0 travers les titres d\u2019\u00e9tat-civil.<\/p>\n<p>&nbsp;<\/p>\n","protected":false},"excerpt":{"rendered":"<p>12577 cartes grises num\u00e9ris\u00e9es, c\u2019est le total des dossiers trait\u00e9s jusqu\u2019ici par le minist\u00e8re mauritanien de l\u2019\u00e9quipement et des transports et dont il devrait entamer la distribution au profit des automobilistes qui ont d\u00e9pos\u00e9 des dossiers. Des guichets sont ouverts \u00e0 cette fin \u00e0 la direction des transports relevant dudit d\u00e9partement, pour une premi\u00e8re vague &hellip;<\/p>\n","protected":false},"author":2,"featured_media":1457,"comment_status":"open","ping_status":"open","sticky":false,"template":"","format":"standard","meta":{"footnotes":""},"categories":[18],"tags":[],"class_list":["post-1456","post","type-post","status-publish","format-standard","has-post-thumbnail","hentry","category-actualites"],"_links":{"self":[{"href":"https:\/\/ladepeche.mr\/index.php?rest_route=\/wp\/v2\/posts\/1456","targetHints":{"allow":["GET"]}}],"collection":[{"href":"https:\/\/ladepeche.mr\/index.php?rest_route=\/wp\/v2\/posts"}],"about":[{"href":"https:\/\/ladepeche.mr\/index.php?rest_route=\/wp\/v2\/types\/post"}],"author":[{"embeddable":true,"href":"https:\/\/ladepeche.mr\/index.php?rest_route=\/wp\/v2\/users\/2"}],"replies":[{"embeddable":true,"href":"https:\/\/ladepeche.mr\/index.php?rest_route=%2Fwp%2Fv2%2Fcomments&post=1456"}],"version-history":[{"count":1,"href":"https:\/\/ladepeche.mr\/index.php?rest_route=\/wp\/v2\/posts\/1456\/revisions"}],"predecessor-version":[{"id":1458,"href":"https:\/\/ladepeche.mr\/index.php?rest_route=\/wp\/v2\/posts\/1456\/revisions\/1458"}],"wp:featuredmedia":[{"embeddable":true,"href":"https:\/\/ladepeche.mr\/index.php?rest_route=\/wp\/v2\/media\/1457"}],"wp:attachment":[{"href":"https:\/\/ladepeche.mr\/index.php?rest_route=%2Fwp%2Fv2%2Fmedia&parent=1456"}],"wp:term":[{"taxonomy":"category","embeddable":true,"href":"https:\/\/ladepeche.mr\/index.php?rest_route=%2Fwp%2Fv2%2Fcategories&post=1456"},{"taxonomy":"post_tag","embeddable":true,"href":"https:\/\/ladepeche.mr\/index.php?rest_route=%2Fwp%2Fv2%2Ftags&post=1456"}],"curies":[{"name":"wp","href":"https:\/\/api.w.org\/{rel}","templated":true}]}}