{"id":14560,"date":"2025-03-13T15:13:36","date_gmt":"2025-03-13T15:13:36","guid":{"rendered":"https:\/\/ladepeche.mr\/?p=14560"},"modified":"2025-03-13T15:13:36","modified_gmt":"2025-03-13T15:13:36","slug":"lue-devoile-de-nouveaux-plans-pour-accelerer-les-expulsions","status":"publish","type":"post","link":"https:\/\/ladepeche.mr\/?p=14560","title":{"rendered":"L&#8217;UE d\u00e9voile de nouveaux plans pour acc\u00e9l\u00e9rer les expulsions"},"content":{"rendered":"<p>La Commission europ\u00e9enne a pr\u00e9sent\u00e9 ses propositions pour une gestion des expulsions plus rapide.<\/p>\n<p>Ces plans, publi\u00e9s mardi, r\u00e9sultent des demandes de &#8220;solutions innovantes&#8221; des dirigeants europ\u00e9ens afin de g\u00e9rer plus rapidement la situation des migrants sans papiers.<\/p>\n<p>Des mesures innovantes<\/p>\n<p>Selon la Commission europ\u00e9enne, les propositions introduisent des &#8220;mesures plus modernes et efficaces&#8221; visant \u00e0 augmenter le nombre d&#8217;expulsions pour les personnes dont les demandes d&#8217;asile ont \u00e9t\u00e9 rejet\u00e9es ou qui ont d\u00e9pass\u00e9 leur p\u00e9riode de s\u00e9jour l\u00e9gal.<\/p>\n<p>Cette nouvelle r\u00e9glementation, qui reste pour l&#8217;instant au stade de projet, doit \u00eatre approuv\u00e9e par les ministres de l&#8217;UE et les l\u00e9gislateurs europ\u00e9ens avant qu&#8217;un ordre de retour europ\u00e9en officiel puisse \u00eatre \u00e9tabli.<\/p>\n<p>Les partis d&#8217;extr\u00eame droite valident<\/p>\n<p>En outre, la l\u00e9gislation exige que les \u00c9tats membres de l&#8217;UE signent des accords avec des pays non membres de l&#8217;UE afin de cr\u00e9er des centres pouvant accueillir les personnes dont les demandes de s\u00e9jour ont \u00e9t\u00e9 refus\u00e9es.<\/p>\n<p>La proposition a \u00e9t\u00e9 accueillie favorablement par les partis d&#8217;extr\u00eame droite, tandis que d&#8217;autres l\u00e9gislateurs soutiennent qu&#8217;un grand nombre de questions cruciales restent sans r\u00e9ponse.<\/p>\n<p><a href=\"https:\/\/www.msn.com\/fr-xl\/actualite\/other\/l-ue-d%C3%A9voile-de-nouveaux-plans-pour-acc%C3%A9l%C3%A9rer-les-expulsions\/ar-AA1ANoKK?ocid=msedgntp&amp;pc=U531&amp;cvid=9676b2ad57954078b220f8f186897b04&amp;ei=18\">L&#8217;UE d\u00e9voile de nouveaux plans pour acc\u00e9l\u00e9rer les expulsions<\/a><\/p>\n","protected":false},"excerpt":{"rendered":"<p>La Commission europ\u00e9enne a pr\u00e9sent\u00e9 ses propositions pour une gestion des expulsions plus rapide. Ces plans, publi\u00e9s mardi, r\u00e9sultent des demandes de &#8220;solutions innovantes&#8221; des dirigeants europ\u00e9ens afin de g\u00e9rer plus rapidement la situation des migrants sans papiers. Des mesures innovantes Selon la Commission europ\u00e9enne, les propositions introduisent des &#8220;mesures plus modernes et efficaces&#8221; visant &hellip;<\/p>\n","protected":false},"author":2,"featured_media":14561,"comment_status":"open","ping_status":"open","sticky":false,"template":"","format":"standard","meta":{"footnotes":""},"categories":[18,29],"tags":[],"class_list":["post-14560","post","type-post","status-publish","format-standard","has-post-thumbnail","hentry","category-actualites","category-monde"],"_links":{"self":[{"href":"https:\/\/ladepeche.mr\/index.php?rest_route=\/wp\/v2\/posts\/14560","targetHints":{"allow":["GET"]}}],"collection":[{"href":"https:\/\/ladepeche.mr\/index.php?rest_route=\/wp\/v2\/posts"}],"about":[{"href":"https:\/\/ladepeche.mr\/index.php?rest_route=\/wp\/v2\/types\/post"}],"author":[{"embeddable":true,"href":"https:\/\/ladepeche.mr\/index.php?rest_route=\/wp\/v2\/users\/2"}],"replies":[{"embeddable":true,"href":"https:\/\/ladepeche.mr\/index.php?rest_route=%2Fwp%2Fv2%2Fcomments&post=14560"}],"version-history":[{"count":1,"href":"https:\/\/ladepeche.mr\/index.php?rest_route=\/wp\/v2\/posts\/14560\/revisions"}],"predecessor-version":[{"id":14562,"href":"https:\/\/ladepeche.mr\/index.php?rest_route=\/wp\/v2\/posts\/14560\/revisions\/14562"}],"wp:featuredmedia":[{"embeddable":true,"href":"https:\/\/ladepeche.mr\/index.php?rest_route=\/wp\/v2\/media\/14561"}],"wp:attachment":[{"href":"https:\/\/ladepeche.mr\/index.php?rest_route=%2Fwp%2Fv2%2Fmedia&parent=14560"}],"wp:term":[{"taxonomy":"category","embeddable":true,"href":"https:\/\/ladepeche.mr\/index.php?rest_route=%2Fwp%2Fv2%2Fcategories&post=14560"},{"taxonomy":"post_tag","embeddable":true,"href":"https:\/\/ladepeche.mr\/index.php?rest_route=%2Fwp%2Fv2%2Ftags&post=14560"}],"curies":[{"name":"wp","href":"https:\/\/api.w.org\/{rel}","templated":true}]}}