{"id":14565,"date":"2025-03-13T16:30:06","date_gmt":"2025-03-13T16:30:06","guid":{"rendered":"https:\/\/ladepeche.mr\/?p=14565"},"modified":"2025-03-13T16:36:17","modified_gmt":"2025-03-13T16:36:17","slug":"lutte-contre-les-reseaux-de-trafiquants-reaction-du-ministre-des-affaires-etrangeres-sur-les-ondes-de-la-dw","status":"publish","type":"post","link":"https:\/\/ladepeche.mr\/?p=14565","title":{"rendered":"\u200bR\u00e9action de la Mauritanie face aux expulsions de migrants en situation irr\u00e9guli\u00e8re"},"content":{"rendered":"<p>Mohamed Salem Ould Merzoug a justifi\u00e9 cette d\u00e9cision en mettant en avant la n\u00e9cessit\u00e9 de lutter contre les r\u00e9seaux de trafiquants et de pr\u00e9server la s\u00e9curit\u00e9 nationale. L\u2019occasion \u00e9galement d\u2019aborder d\u2019autres sujets d\u2019actualit\u00e9, notamment les relations avec les pays voisins, la situation en Afrique de l\u2019Ouest et l\u2019\u00e9volution du r\u00f4le de la France dans la r\u00e9gion.<\/p>\n<p><strong>Une politique migratoire justifi\u00e9e par la lutte contre les trafiquants<\/strong><\/p>\n<p>Interrog\u00e9 sur les raisons de ces mesures de reconduite aux fronti\u00e8res de migrants consid\u00e9r\u00e9s en situation irr\u00e9guli\u00e8re, le chef de la diplomatie mauritanienne a soulign\u00e9 que la Mauritanie, longtemps un pays de transit, \u00e9tait devenue une destination pour de nombreux migrants. Cette situation a conduit le gouvernement \u00e0 adopter une politique stricte de gestion et de lutte contre l\u2019immigration irr\u00e9guli\u00e8re.<\/p>\n<p>\u200b&#8221;Il \u00e9tait de notre responsabilit\u00e9 d\u2019agir pour prot\u00e9ger les migrants des r\u00e9seaux criminels et des passeurs. Nous avons constat\u00e9 les drames humains caus\u00e9s par ces flux migratoires, avec des familles endeuill\u00e9es apr\u00e8s des trag\u00e9dies en mer. Il \u00e9tait imp\u00e9ratif d\u2019intervenir\u200b&#8221;.<\/p>\n<p>Le ministre a \u00e9galement pr\u00e9cis\u00e9 que des moyens importants avaient \u00e9t\u00e9 d\u00e9ploy\u00e9s pour d\u00e9manteler ces r\u00e9seaux. Il a notamment annonc\u00e9 que quatre groupes de trafiquants comprenant des Mauritaniens et des \u00c9trangers avaient \u00e9t\u00e9 r\u00e9cemment neutralis\u00e9s, et que les autorit\u00e9s mauritaniennes poursuivraient leurs efforts pour limiter la pr\u00e9sence de migrants en situation irr\u00e9guli\u00e8re sur le territoire.<\/p>\n<p>&nbsp;<\/p>\n<p><strong>Une possibilit\u00e9 de r\u00e9gularisation d\u00e9j\u00e0 offerte<\/strong><\/p>\n<p>Concernant la possibilit\u00e9 pour ces migrants de r\u00e9gulariser leur statut, Mohamed Salem Ould Merzoug a rappel\u00e9 qu\u2019une initiative avait \u00e9t\u00e9 mise en place d\u00e8s 2022.<\/p>\n<p>&#8220;J\u2019ai personnellement rencontr\u00e9 les ambassadeurs et repr\u00e9sentants des communaut\u00e9s concern\u00e9es \u00e0 Nouakchott en 2022. \u00c0 l\u2019\u00e9poque, le minist\u00e8re de l\u2019Int\u00e9rieur avait offert une opportunit\u00e9 de r\u00e9gularisation, permettant \u00e0 130 000 migrants d\u2019obtenir gratuitement une carte de s\u00e9jour. Cette r\u00e9gularisation \u00e9tait une demande insistante des migrants eux-m\u00eames appuy\u00e9s par leurs missions diplomatiques accr\u00e9dit\u00e9es en Mauritanie\u200b&#8221;.<\/p>\n<p>Toutefois, selon le ministre, il appartenait ensuite aux b\u00e9n\u00e9ficiaires de renouveler leur situation l\u00e9gale, ce que certains n\u2019auraient pas fait, justifiant ainsi leur reconduite aux fronti\u00e8res.<\/p>\n<p>&nbsp;<\/p>\n<p><strong>Des accusations d&#8217;humanit\u00e9 rejet\u00e9es<\/strong><\/p>\n<p>Face aux critiques \u00e9mises par plusieurs ONG, y compris mauritaniennes, qui d\u00e9noncent des expulsions qu\u2019elles jugent brutales et inhumaines, Mohamed Salem Ould Merzoug a fermement contest\u00e9 ces accusations.<\/p>\n<p>\u200b&#8221;Nous respectons le travail des organisations de d\u00e9fense des droits humains, mais certaines d\u2019entre elles v\u00e9hiculent des contre-v\u00e9rit\u00e9s. La Mauritanie est un pays d\u2019accueil, et toutes les reconduites \u00e0 la fronti\u00e8re ont \u00e9t\u00e9 effectu\u00e9es dans le respect des droits humains\u200b&#8221;.<\/p>\n<p>Le ministre a insist\u00e9 \u00e9galement sur le fait que les forces de s\u00e9curit\u00e9 mauritaniennes avaient re\u00e7u une formation sp\u00e9cifique en mati\u00e8re de respect des droits fondamentaux, dispens\u00e9e par le Haut-Commissariat des Nations unies aux droits de l\u2019homme et l\u2019Organisation internationale pour les migrations (OIM).<\/p>\n<p>&nbsp;<\/p>\n<p><strong>Relations avec le S\u00e9n\u00e9gal : un risque de tensions ?<\/strong><\/p>\n<p>Interrog\u00e9 sur la demande d\u2019une mission d\u2019information parlementaire formul\u00e9e par un d\u00e9put\u00e9 s\u00e9n\u00e9galais, Mohamed Salem Ould Merzoug a pr\u00e9f\u00e9r\u00e9 \u00e9viter la pol\u00e9mique.<\/p>\n<p>&#8220;Il ne m\u2019appartient pas de commenter les d\u00e9clarations d\u2019un d\u00e9put\u00e9, qu\u2019il soit mauritanien ou s\u00e9n\u00e9galais\u200b&#8221;.<\/p>\n<p>Il a toutefois tenu \u00e0 rass\u200burer sur l\u2019\u00e9tat des relations diplomatiques entre les deux pays, affirmant que les discussions r\u00e9centes entre les gouvernements de Nouakchott et Dakar avaient \u00e9t\u00e9 constructives.<\/p>\n<p>&#8220;La visite du Premier ministre s\u00e9n\u00e9galais Ousmane Sonko en Mauritanie en janvier 2025 t\u00e9moigne de la solidit\u00e9 de nos relations bilat\u00e9rales. A cette occasion, tous les sujets d\u2019int\u00e9r\u00eats communs ont \u00e9t\u00e9 abord\u00e9s, y compris la question des migrations. Une nouvelle convention bilat\u00e9rale sur la circulation et l\u2019\u00e9tablissement des personnes a \u00e9t\u00e9 l\u2019objet d\u2019un accord entre les deux pays. Ce texte est presque boucl\u00e9. Il doit \u00eatre sign\u00e9 dans les tous prochains jours\u200b&#8221;.<\/p>\n<p>&nbsp;<\/p>\n<p><strong>L\u2019avenir de la \u200bC\u00e9d\u00e9ao et la Conf\u00e9d\u00e9ration des \u00c9tats du Sahel<\/strong><\/p>\n<p>Concernant la tentative du pr\u00e9sident ghan\u00e9en John Dramani Mahama de convaincre le Niger, le Burkina Faso et le Mali de r\u00e9int\u00e9grer la \u200bC\u00e9d\u00e9ao apr\u00e8s leur d\u00e9part fracassant en janvier 2024, Mohamed Salem Ould Merzoug a adopt\u00e9 une position diplomatique.<\/p>\n<p>\u200b&#8221;La Mauritanie entretient d\u2019excellentes relations avec ces trois pays fr\u00e8res. Nous respectons leur souverainet\u00e9 et leurs d\u00e9cisions. En parall\u00e8le, nous restons \u00e9galement en bons termes avec la C\u00e9d\u00e9ao, bien que nous ayons quitt\u00e9 l\u2019organisation en 2000\u200b&#8221;.<\/p>\n<p>Il a toutefois r\u00e9affirm\u00e9 l\u2019engagement de la Mauritanie en faveur de l\u2019int\u00e9gration r\u00e9gionale, soulignant que l\u2019avenir de l\u2019Afrique se jouera sur le plan \u00e9conomique et institutionnel \u00e0 l\u2019\u00e9chelle r\u00e9gionale.<\/p>\n<p>&nbsp;<\/p>\n<p><strong>Le sort de Mohammed Bazoum continue de pr\u00e9occuper la Mauritanie<\/strong><\/p>\n<p>L\u2019ancien pr\u00e9sident du Niger, Mohammed Bazoum, renvers\u00e9 en juillet 2023 et toujours d\u00e9tenu par les militaires \u00e0 Niamey, suscite des inqui\u00e9tudes au sein de la diplomatie mauritanienne.<\/p>\n<p>\u200b&#8221;Son sort nous pr\u00e9occupe et nous travaillons activement, avec d\u2019autres partenaires, pour obtenir sa lib\u00e9ration. Le pr\u00e9sident mauritanien Mohamed Ould Ghazouani a tent\u00e9 d\u2019intervenir lorsqu\u2019il \u00e9tait \u00e0 la t\u00eate de l\u2019Union africaine en 2024, et il poursuivra ses efforts&#8221;.<\/p>\n<p>Cependant, le ministre a insist\u00e9 sur la n\u00e9cessit\u00e9 d\u2019une certaine discr\u00e9tion dans ce genre d\u2019initiatives pour garantir leur efficacit\u00e9.<\/p>\n<p>&nbsp;<\/p>\n<p><strong>Le recul de la pr\u00e9sence militaire fran\u00e7aise en Afrique<\/strong><\/p>\n<p>Enfin, concernant le d\u00e9sengagement progressif de la France en Afrique \u2013 marqu\u00e9 par le retrait des troupes du Tchad, la fermeture de bases en C\u00f4te d\u2019Ivoire et au S\u00e9n\u00e9gal \u2013, Mohamed Salem Ould Merzoug y voit un signe de souverainet\u00e9 accrue des pays africains.<\/p>\n<p>\u200b&#8221;L\u2019Afrique veut prendre son destin en main, y compris en mati\u00e8re de s\u00e9curit\u00e9. Ce que nos partenaires \u00e9trangers, y compris la France, comprennent parfaitement et approuvent en grande partie\u200b&#8221;.<\/p>\n<p>Cependant, il a tenu \u00e0 rappeler que la Mauritanie, contrairement \u00e0 d\u2019autres pays de la r\u00e9gion, n\u2019a jamais accueilli de bases militaires \u00e9trang\u00e8res.<\/p>\n<p>\u200b&#8221;C\u2019est un choix dont nous sommes fiers\u200b&#8221;.<\/p>\n<p>L\u2019expulsion des migrants irr\u00e9guliers de Mauritanie, bien que controvers\u00e9e, s\u2019inscrit donc selon le gouvernement dans une politique de lutte contre l\u2019immigration clandestine et la criminalit\u00e9 qui l\u2019entoure. Malgr\u00e9 les critiques, Nouakchott affirme avoir respect\u00e9 les droits humains et maintenu de bonnes relations avec ses voisins. Par ailleurs, la Mauritanie revendique jouer un r\u00f4le diplomatique actif en Afrique de l\u2019Ouest, que ce soit sur les questions d\u2019int\u00e9gration r\u00e9gionale, la crise nig\u00e9rienne ou l\u2019\u00e9volution des alliances militaires sur le continent.<\/p>\n<p><a href=\"https:\/\/fr.news.yahoo.com\/expulsion-migrants-irr%C3%A9guliers-mauritanie-r%C3%A9action-112600936.html\">\u200bR\u00e9action de la Mauritanie face aux expulsions de migrants en situation irr\u00e9guli\u00e8re<\/a><\/p>\n<p>Titre LDM<\/p>\n","protected":false},"excerpt":{"rendered":"<p>Mohamed Salem Ould Merzoug a justifi\u00e9 cette d\u00e9cision en mettant en avant la n\u00e9cessit\u00e9 de lutter contre les r\u00e9seaux de trafiquants et de pr\u00e9server la s\u00e9curit\u00e9 nationale. L\u2019occasion \u00e9galement d\u2019aborder d\u2019autres sujets d\u2019actualit\u00e9, notamment les relations avec les pays voisins, la situation en Afrique de l\u2019Ouest et l\u2019\u00e9volution du r\u00f4le de la France dans la &hellip;<\/p>\n","protected":false},"author":2,"featured_media":2097,"comment_status":"open","ping_status":"open","sticky":false,"template":"","format":"standard","meta":{"footnotes":""},"categories":[18,29],"tags":[],"class_list":["post-14565","post","type-post","status-publish","format-standard","has-post-thumbnail","hentry","category-actualites","category-monde"],"_links":{"self":[{"href":"https:\/\/ladepeche.mr\/index.php?rest_route=\/wp\/v2\/posts\/14565","targetHints":{"allow":["GET"]}}],"collection":[{"href":"https:\/\/ladepeche.mr\/index.php?rest_route=\/wp\/v2\/posts"}],"about":[{"href":"https:\/\/ladepeche.mr\/index.php?rest_route=\/wp\/v2\/types\/post"}],"author":[{"embeddable":true,"href":"https:\/\/ladepeche.mr\/index.php?rest_route=\/wp\/v2\/users\/2"}],"replies":[{"embeddable":true,"href":"https:\/\/ladepeche.mr\/index.php?rest_route=%2Fwp%2Fv2%2Fcomments&post=14565"}],"version-history":[{"count":3,"href":"https:\/\/ladepeche.mr\/index.php?rest_route=\/wp\/v2\/posts\/14565\/revisions"}],"predecessor-version":[{"id":14576,"href":"https:\/\/ladepeche.mr\/index.php?rest_route=\/wp\/v2\/posts\/14565\/revisions\/14576"}],"wp:featuredmedia":[{"embeddable":true,"href":"https:\/\/ladepeche.mr\/index.php?rest_route=\/wp\/v2\/media\/2097"}],"wp:attachment":[{"href":"https:\/\/ladepeche.mr\/index.php?rest_route=%2Fwp%2Fv2%2Fmedia&parent=14565"}],"wp:term":[{"taxonomy":"category","embeddable":true,"href":"https:\/\/ladepeche.mr\/index.php?rest_route=%2Fwp%2Fv2%2Fcategories&post=14565"},{"taxonomy":"post_tag","embeddable":true,"href":"https:\/\/ladepeche.mr\/index.php?rest_route=%2Fwp%2Fv2%2Ftags&post=14565"}],"curies":[{"name":"wp","href":"https:\/\/api.w.org\/{rel}","templated":true}]}}