{"id":14587,"date":"2025-03-14T23:16:21","date_gmt":"2025-03-14T23:16:21","guid":{"rendered":"https:\/\/ladepeche.mr\/?p=14587"},"modified":"2025-03-14T23:16:36","modified_gmt":"2025-03-14T23:16:36","slug":"distribution-hydrocarbures-raffines-le-mep-exige-la-certification-par-la-somis","status":"publish","type":"post","link":"https:\/\/ladepeche.mr\/?p=14587","title":{"rendered":"Distribution des hydrocarbures raffin\u00e9s: Le MEP exige la certification par la Somis"},"content":{"rendered":"<p>Le minist\u00e8re de l\u2019\u00e9nergie et du p\u00e9trole a adress\u00e9 le 11 mars courant une communication aux soci\u00e9t\u00e9s de distribution des produits p\u00e9troliers liquides leur enjoignant d\u2019assumer leur responsabilit\u00e9 l\u00e9gale dans la distribution de produits de qualit\u00e9 suite \u00e0 la d\u00e9nonciation d&#8217;usage d&#8217;huiles frelat\u00e9es par les p\u00eacheurs artisans.<\/p>\n<p>Le d\u00e9partement qui rappelle qu\u2019il a \u00e9t\u00e9 saisi par la FNP (F\u00e9d\u00e9ration nationale des p\u00eaches) d\u00e9non\u00e7ant des avaries techniques sur les moteurs des embarcations artisanales, li\u00e9es \u00e0 l\u2019usage d\u2019huile de qualit\u00e9 douteuse a encore rappel\u00e9 que la loi 2019-056 stipule que \u00ab les d\u00e9tenteurs de licences de distribution d\u2019hydrocarbures raffin\u00e9s, autre que le gaz butane, sont responsables des pollutions et des alt\u00e9rations de qualit\u00e9 des produits distribu\u00e9s\u2026\u00bb.<\/p>\n<p>Le minist\u00e8re de l\u2019\u00e9nergie et du p\u00e9trole qui a exhort\u00e9 les fournisseurs \u00e0 s\u2019assurer de la qualit\u00e9 des produits a enfin exig\u00e9 une certification des produits aupr\u00e8s de la Somir avant leur distribution sur le march\u00e9.<\/p>\n","protected":false},"excerpt":{"rendered":"<p>Le minist\u00e8re de l\u2019\u00e9nergie et du p\u00e9trole a adress\u00e9 le 11 mars courant une communication aux soci\u00e9t\u00e9s de distribution des produits p\u00e9troliers liquides leur enjoignant d\u2019assumer leur responsabilit\u00e9 l\u00e9gale dans la distribution de produits de qualit\u00e9 suite \u00e0 la d\u00e9nonciation d&#8217;usage d&#8217;huiles frelat\u00e9es par les p\u00eacheurs artisans. Le d\u00e9partement qui rappelle qu\u2019il a \u00e9t\u00e9 saisi &hellip;<\/p>\n","protected":false},"author":2,"featured_media":6267,"comment_status":"open","ping_status":"open","sticky":false,"template":"","format":"standard","meta":{"footnotes":""},"categories":[18,2],"tags":[],"class_list":["post-14587","post","type-post","status-publish","format-standard","has-post-thumbnail","hentry","category-actualites","category-economie"],"_links":{"self":[{"href":"https:\/\/ladepeche.mr\/index.php?rest_route=\/wp\/v2\/posts\/14587","targetHints":{"allow":["GET"]}}],"collection":[{"href":"https:\/\/ladepeche.mr\/index.php?rest_route=\/wp\/v2\/posts"}],"about":[{"href":"https:\/\/ladepeche.mr\/index.php?rest_route=\/wp\/v2\/types\/post"}],"author":[{"embeddable":true,"href":"https:\/\/ladepeche.mr\/index.php?rest_route=\/wp\/v2\/users\/2"}],"replies":[{"embeddable":true,"href":"https:\/\/ladepeche.mr\/index.php?rest_route=%2Fwp%2Fv2%2Fcomments&post=14587"}],"version-history":[{"count":2,"href":"https:\/\/ladepeche.mr\/index.php?rest_route=\/wp\/v2\/posts\/14587\/revisions"}],"predecessor-version":[{"id":14589,"href":"https:\/\/ladepeche.mr\/index.php?rest_route=\/wp\/v2\/posts\/14587\/revisions\/14589"}],"wp:featuredmedia":[{"embeddable":true,"href":"https:\/\/ladepeche.mr\/index.php?rest_route=\/wp\/v2\/media\/6267"}],"wp:attachment":[{"href":"https:\/\/ladepeche.mr\/index.php?rest_route=%2Fwp%2Fv2%2Fmedia&parent=14587"}],"wp:term":[{"taxonomy":"category","embeddable":true,"href":"https:\/\/ladepeche.mr\/index.php?rest_route=%2Fwp%2Fv2%2Fcategories&post=14587"},{"taxonomy":"post_tag","embeddable":true,"href":"https:\/\/ladepeche.mr\/index.php?rest_route=%2Fwp%2Fv2%2Ftags&post=14587"}],"curies":[{"name":"wp","href":"https:\/\/api.w.org\/{rel}","templated":true}]}}