{"id":14599,"date":"2025-03-17T12:24:41","date_gmt":"2025-03-17T12:24:41","guid":{"rendered":"https:\/\/ladepeche.mr\/?p=14599"},"modified":"2025-03-17T12:24:41","modified_gmt":"2025-03-17T12:24:41","slug":"region-premiere-exposition-de-produits-agricoles-en-assaba","status":"publish","type":"post","link":"https:\/\/ladepeche.mr\/?p=14599","title":{"rendered":"R\u00e9gion: Premi\u00e8re exposition de produits agricoles en Assaba"},"content":{"rendered":"<p>Le ministre de l\u2019Agriculture et de la Souverainet\u00e9 alimentaire, M. Momm\u00e9 Ould Beibattai, a inaugur\u00e9, samedi \u00e0 Kiffa, la premi\u00e8re exposition de produits agricoles dans la wilaya de l\u2019Assaba, en pr\u00e9sence du wali de l\u2019Etat, M. Adahi Khteira.<\/p>\n<p><img decoding=\"async\" class=\"alignright\" src=\"https:\/\/ami.mr\/fr\/wp-content\/uploads\/2025\/03\/15-03-2025-s004-1.jpg\" \/><\/p>\n<p>L\u2019exposition vise \u00e0 promouvoir le secteur agricole et \u00e0 soutenir l\u2019\u00e9conomie locale, tout en mettant en exergue le d\u00e9veloppement remarquable de la production des l\u00e9gumes dans la wilaya.<\/p>\n<p>L\u2019exposition est organis\u00e9e conjointement par l\u2019Union de d\u00e9veloppement agricole (ADDU), l\u2019Union de l\u2019Assaba productif, l\u2019Union des coop\u00e9ratives agricoles \u00ab Amal \u00bb, l\u2019entreprise Moringa pour la culture des l\u00e9gumes et de fourrage, ainsi que par des producteurs locaux.<\/p>\n<p>L\u2019exposition pr\u00e9sente une vari\u00e9t\u00e9 de produits agricoles, notamment des carottes, des pommes de terre, des tomates, des oignons, des gombos, des melons, des past\u00e8ques, des cantaloups et des plantes fourrag\u00e8res.<\/p>\n<p>Dans son discours, le ministre a soulign\u00e9 que l\u2019exposition refl\u00e8te les efforts des agriculteurs et des investisseurs pour faire de l\u2019Assaba un centre agricole, notant que le \u00ab produit Assaba \u00bb est devenu une marque distinctive sur les march\u00e9s locaux et voisins.<\/p>\n<p>Il a \u00e9galement fait r\u00e9f\u00e9rence au soutien du Pr\u00e9sident de la R\u00e9publique, M. Mohamed Ould Cheikh El Ghazouani au secteur agricole, soulignant que la r\u00e9alisation de la souverainet\u00e9 alimentaire est devenue une n\u00e9cessit\u00e9 nationale.<\/p>\n<p>Pour sa part, la vice-pr\u00e9sidente de la r\u00e9gion de l\u2019Assaba, Mme Tahya Ibrahim Bousseif, a salu\u00e9 le soutien du gouvernement \u00e0 l\u2019agriculture, soulignant que l\u2019exposition refl\u00e8te l\u2019efficacit\u00e9 du partenariat entre les secteurs public et priv\u00e9.<\/p>\n<p>M. Mohamed Yahya Ould Ibrahim, Pr\u00e9sident de l\u2019Association des Maires de l\u2019Assaba, a appel\u00e9 \u00e0 la mise en place de moyens de conservation et de stockage, annon\u00e7ant l\u2019organisation prochaine d\u2019une exposition de dattes.<\/p>\n<p>La manifestation s\u2019est achev\u00e9e par une visite des salles d\u2019exposition par le Ministre et le Wali, qui ont pu voir les produits expos\u00e9s et \u00e9couter les d\u00e9fis des agriculteurs.<\/p>\n<p>L\u2019exposition s\u2019inscrit dans le cadre des efforts d\u00e9ploy\u00e9s par le minist\u00e8re de l\u2019agriculture pour atteindre l\u2019autosuffisance et promouvoir la souverainet\u00e9 alimentaire par le biais de projets de d\u00e9veloppement tels que<\/p>\n<p>\u00ab Oasis Development \u00bb, qui a \u00e9tabli 17 sites mod\u00e8les pour la culture de palmiers et des l\u00e9gumes dans la wilaya.<\/p>\n<p>Ami<\/p>\n<p>Titre LDM<\/p>\n","protected":false},"excerpt":{"rendered":"<p>Le ministre de l\u2019Agriculture et de la Souverainet\u00e9 alimentaire, M. Momm\u00e9 Ould Beibattai, a inaugur\u00e9, samedi \u00e0 Kiffa, la premi\u00e8re exposition de produits agricoles dans la wilaya de l\u2019Assaba, en pr\u00e9sence du wali de l\u2019Etat, M. Adahi Khteira. L\u2019exposition vise \u00e0 promouvoir le secteur agricole et \u00e0 soutenir l\u2019\u00e9conomie locale, tout en mettant en exergue &hellip;<\/p>\n","protected":false},"author":2,"featured_media":14600,"comment_status":"open","ping_status":"open","sticky":false,"template":"","format":"standard","meta":{"footnotes":""},"categories":[18,2],"tags":[],"class_list":["post-14599","post","type-post","status-publish","format-standard","has-post-thumbnail","hentry","category-actualites","category-economie"],"_links":{"self":[{"href":"https:\/\/ladepeche.mr\/index.php?rest_route=\/wp\/v2\/posts\/14599","targetHints":{"allow":["GET"]}}],"collection":[{"href":"https:\/\/ladepeche.mr\/index.php?rest_route=\/wp\/v2\/posts"}],"about":[{"href":"https:\/\/ladepeche.mr\/index.php?rest_route=\/wp\/v2\/types\/post"}],"author":[{"embeddable":true,"href":"https:\/\/ladepeche.mr\/index.php?rest_route=\/wp\/v2\/users\/2"}],"replies":[{"embeddable":true,"href":"https:\/\/ladepeche.mr\/index.php?rest_route=%2Fwp%2Fv2%2Fcomments&post=14599"}],"version-history":[{"count":1,"href":"https:\/\/ladepeche.mr\/index.php?rest_route=\/wp\/v2\/posts\/14599\/revisions"}],"predecessor-version":[{"id":14601,"href":"https:\/\/ladepeche.mr\/index.php?rest_route=\/wp\/v2\/posts\/14599\/revisions\/14601"}],"wp:featuredmedia":[{"embeddable":true,"href":"https:\/\/ladepeche.mr\/index.php?rest_route=\/wp\/v2\/media\/14600"}],"wp:attachment":[{"href":"https:\/\/ladepeche.mr\/index.php?rest_route=%2Fwp%2Fv2%2Fmedia&parent=14599"}],"wp:term":[{"taxonomy":"category","embeddable":true,"href":"https:\/\/ladepeche.mr\/index.php?rest_route=%2Fwp%2Fv2%2Fcategories&post=14599"},{"taxonomy":"post_tag","embeddable":true,"href":"https:\/\/ladepeche.mr\/index.php?rest_route=%2Fwp%2Fv2%2Ftags&post=14599"}],"curies":[{"name":"wp","href":"https:\/\/api.w.org\/{rel}","templated":true}]}}