{"id":14616,"date":"2025-03-18T12:46:00","date_gmt":"2025-03-18T12:46:00","guid":{"rendered":"https:\/\/ladepeche.mr\/?p=14616"},"modified":"2025-03-18T12:46:00","modified_gmt":"2025-03-18T12:46:00","slug":"le-ministre-de-leconomie-et-des-finances-recoit-le-representant-resident-du-fmi-en-mauritanie","status":"publish","type":"post","link":"https:\/\/ladepeche.mr\/?p=14616","title":{"rendered":"Le ministre de l\u2019\u00c9conomie et des Finances re\u00e7oit le repr\u00e9sentant r\u00e9sident du FMI en Mauritanie"},"content":{"rendered":"<p>Son Excellence le ministre de l\u2019\u00c9conomie et des Finances, M. Sid&#8217;Ahmed Ould Bouh, a re\u00e7u en audience, lundi, dans son bureau \u00e0 Nouakchott, le repr\u00e9sentant r\u00e9sident du Fonds mon\u00e9taire international (FMI) en Mauritanie, M. Youness Zahar.<\/p>\n<p>Les \u00e9changes ont port\u00e9 sur les axes de coop\u00e9ration entre la Mauritanie et cette institution financi\u00e8re internationale, ainsi que sur les moyens de leur renforcement et de leur d\u00e9veloppement.<\/p>\n<p>La rencontre s\u2019est d\u00e9roul\u00e9e en pr\u00e9sence du secr\u00e9taire g\u00e9n\u00e9ral du minist\u00e8re, M. Yacoub Ould Ahmed A\u00efcha, et du directeur g\u00e9n\u00e9ral des politiques et strat\u00e9gies de d\u00e9veloppement, M. Cheikhna Beddad.<\/p>\n<p>MEF<\/p>\n","protected":false},"excerpt":{"rendered":"<p>Son Excellence le ministre de l\u2019\u00c9conomie et des Finances, M. Sid&#8217;Ahmed Ould Bouh, a re\u00e7u en audience, lundi, dans son bureau \u00e0 Nouakchott, le repr\u00e9sentant r\u00e9sident du Fonds mon\u00e9taire international (FMI) en Mauritanie, M. Youness Zahar. Les \u00e9changes ont port\u00e9 sur les axes de coop\u00e9ration entre la Mauritanie et cette institution financi\u00e8re internationale, ainsi que &hellip;<\/p>\n","protected":false},"author":2,"featured_media":14617,"comment_status":"open","ping_status":"open","sticky":false,"template":"","format":"standard","meta":{"footnotes":""},"categories":[18,2],"tags":[],"class_list":["post-14616","post","type-post","status-publish","format-standard","has-post-thumbnail","hentry","category-actualites","category-economie"],"_links":{"self":[{"href":"https:\/\/ladepeche.mr\/index.php?rest_route=\/wp\/v2\/posts\/14616","targetHints":{"allow":["GET"]}}],"collection":[{"href":"https:\/\/ladepeche.mr\/index.php?rest_route=\/wp\/v2\/posts"}],"about":[{"href":"https:\/\/ladepeche.mr\/index.php?rest_route=\/wp\/v2\/types\/post"}],"author":[{"embeddable":true,"href":"https:\/\/ladepeche.mr\/index.php?rest_route=\/wp\/v2\/users\/2"}],"replies":[{"embeddable":true,"href":"https:\/\/ladepeche.mr\/index.php?rest_route=%2Fwp%2Fv2%2Fcomments&post=14616"}],"version-history":[{"count":1,"href":"https:\/\/ladepeche.mr\/index.php?rest_route=\/wp\/v2\/posts\/14616\/revisions"}],"predecessor-version":[{"id":14618,"href":"https:\/\/ladepeche.mr\/index.php?rest_route=\/wp\/v2\/posts\/14616\/revisions\/14618"}],"wp:featuredmedia":[{"embeddable":true,"href":"https:\/\/ladepeche.mr\/index.php?rest_route=\/wp\/v2\/media\/14617"}],"wp:attachment":[{"href":"https:\/\/ladepeche.mr\/index.php?rest_route=%2Fwp%2Fv2%2Fmedia&parent=14616"}],"wp:term":[{"taxonomy":"category","embeddable":true,"href":"https:\/\/ladepeche.mr\/index.php?rest_route=%2Fwp%2Fv2%2Fcategories&post=14616"},{"taxonomy":"post_tag","embeddable":true,"href":"https:\/\/ladepeche.mr\/index.php?rest_route=%2Fwp%2Fv2%2Ftags&post=14616"}],"curies":[{"name":"wp","href":"https:\/\/api.w.org\/{rel}","templated":true}]}}